{"id":2090,"date":"2025-11-21T23:48:57","date_gmt":"2025-11-21T23:48:57","guid":{"rendered":"https:\/\/lismoiunavenir.org\/?p=2090"},"modified":"2025-12-18T00:22:05","modified_gmt":"2025-12-18T00:22:05","slug":"mon-ecole-propre-une-journee-citoyenne-pour-un-cadre-dapprentissage-sain","status":"publish","type":"post","link":"https:\/\/lismoiunavenir.org\/?p=2090","title":{"rendered":"Mon \u00e9cole propre : une journ\u00e9e citoyenne pour un cadre d\u2019apprentissage sain"},"content":{"rendered":"\n<p>Le mercredi 19 novembre 2025, la Fondation Lis-moi un avenir a organis\u00e9 l\u2019activit\u00e9 \u00ab Mon \u00e9cole propre \u00bb, une journ\u00e9e de sensibilisation d\u00e9di\u00e9e \u00e0 la propret\u00e9 et \u00e0 la pr\u00e9servation de l\u2019environnement scolaire.<\/p>\n\n\n\n<figure class=\"wp-block-image size-large\"><img fetchpriority=\"high\" decoding=\"async\" width=\"1024\" height=\"768\" src=\"https:\/\/lismoiunavenir.org\/wp-content\/uploads\/2025\/12\/WhatsApp-Image-2025-12-17-at-23.47.12-1024x768.jpeg\" alt=\"\" class=\"wp-image-2096\" srcset=\"https:\/\/lismoiunavenir.org\/wp-content\/uploads\/2025\/12\/WhatsApp-Image-2025-12-17-at-23.47.12-1024x768.jpeg 1024w, https:\/\/lismoiunavenir.org\/wp-content\/uploads\/2025\/12\/WhatsApp-Image-2025-12-17-at-23.47.12-300x225.jpeg 300w, https:\/\/lismoiunavenir.org\/wp-content\/uploads\/2025\/12\/WhatsApp-Image-2025-12-17-at-23.47.12-768x576.jpeg 768w, https:\/\/lismoiunavenir.org\/wp-content\/uploads\/2025\/12\/WhatsApp-Image-2025-12-17-at-23.47.12-600x450.jpeg 600w, https:\/\/lismoiunavenir.org\/wp-content\/uploads\/2025\/12\/WhatsApp-Image-2025-12-17-at-23.47.12.jpeg 1080w\" sizes=\"(max-width: 1024px) 100vw, 1024px\" \/><\/figure>\n\n\n\n<p>Cette initiative avait pour objectif principal de mobiliser les \u00e9l\u00e8ves, les enseignants et la communaut\u00e9 \u00e9ducative autour d\u2019actions concr\u00e8tes visant \u00e0 am\u00e9liorer le cadre de vie scolaire. Tout au long de la journ\u00e9e, les participants se sont activement engag\u00e9s dans le ramassage des ordures, le d\u00e9sherbage de la cour de l\u2019\u00e9cole ainsi que de ses alentours, contribuant ainsi \u00e0 rendre l\u2019environnement plus sain, plus s\u00fbr et plus agr\u00e9able.<\/p>\n\n\n\n<p>Au-del\u00e0 de l\u2019action de nettoyage, \u00ab Mon \u00e9cole propre \u00bb se voulait avant tout un moment d\u2019\u00e9ducation citoyenne. \u00c0 travers cette activit\u00e9, la Fondation a souhait\u00e9 inculquer aux \u00e9l\u00e8ves des valeurs essentielles telles que le respect de l\u2019environnement, le sens des responsabilit\u00e9s, l\u2019esprit d\u2019\u00e9quipe et l\u2019importance de l\u2019engagement collectif pour le bien commun.<\/p>\n\n\n\n<p>Cette journ\u00e9e a \u00e9galement permis de rappeler que la propret\u00e9 de l\u2019\u00e9cole est l\u2019affaire de tous et qu\u2019un cadre propre favorise non seulement la sant\u00e9, mais aussi la concentration, la motivation et le bien-\u00eatre des apprenants.<\/p>\n\n\n\n<figure class=\"wp-block-gallery has-nested-images columns-default is-cropped wp-block-gallery-1 is-layout-flex wp-block-gallery-is-layout-flex\">\n<figure class=\"wp-block-image size-large\"><img decoding=\"async\" width=\"1024\" height=\"768\" data-id=\"2098\" src=\"https:\/\/lismoiunavenir.org\/wp-content\/uploads\/2025\/12\/WhatsApp-Image-2025-12-17-at-23.47.10-1024x768.jpeg\" alt=\"\" class=\"wp-image-2098\" srcset=\"https:\/\/lismoiunavenir.org\/wp-content\/uploads\/2025\/12\/WhatsApp-Image-2025-12-17-at-23.47.10-1024x768.jpeg 1024w, https:\/\/lismoiunavenir.org\/wp-content\/uploads\/2025\/12\/WhatsApp-Image-2025-12-17-at-23.47.10-300x225.jpeg 300w, https:\/\/lismoiunavenir.org\/wp-content\/uploads\/2025\/12\/WhatsApp-Image-2025-12-17-at-23.47.10-768x576.jpeg 768w, https:\/\/lismoiunavenir.org\/wp-content\/uploads\/2025\/12\/WhatsApp-Image-2025-12-17-at-23.47.10-600x450.jpeg 600w, https:\/\/lismoiunavenir.org\/wp-content\/uploads\/2025\/12\/WhatsApp-Image-2025-12-17-at-23.47.10.jpeg 1080w\" sizes=\"(max-width: 1024px) 100vw, 1024px\" \/><\/figure>\n\n\n\n<figure class=\"wp-block-image size-large\"><img decoding=\"async\" width=\"1024\" height=\"768\" data-id=\"2095\" src=\"https:\/\/lismoiunavenir.org\/wp-content\/uploads\/2025\/12\/WhatsApp-Image-2025-12-17-at-23.47.12-1-1024x768.jpeg\" alt=\"\" class=\"wp-image-2095\" srcset=\"https:\/\/lismoiunavenir.org\/wp-content\/uploads\/2025\/12\/WhatsApp-Image-2025-12-17-at-23.47.12-1-1024x768.jpeg 1024w, https:\/\/lismoiunavenir.org\/wp-content\/uploads\/2025\/12\/WhatsApp-Image-2025-12-17-at-23.47.12-1-300x225.jpeg 300w, https:\/\/lismoiunavenir.org\/wp-content\/uploads\/2025\/12\/WhatsApp-Image-2025-12-17-at-23.47.12-1-768x576.jpeg 768w, https:\/\/lismoiunavenir.org\/wp-content\/uploads\/2025\/12\/WhatsApp-Image-2025-12-17-at-23.47.12-1-600x450.jpeg 600w, https:\/\/lismoiunavenir.org\/wp-content\/uploads\/2025\/12\/WhatsApp-Image-2025-12-17-at-23.47.12-1.jpeg 1080w\" sizes=\"(max-width: 1024px) 100vw, 1024px\" \/><\/figure>\n\n\n\n<figure class=\"wp-block-image size-large\"><img loading=\"lazy\" decoding=\"async\" width=\"560\" height=\"381\" data-id=\"2091\" src=\"https:\/\/lismoiunavenir.org\/wp-content\/uploads\/2025\/12\/WhatsApp-Image-2025-12-17-at-23.33.53-1.jpeg\" alt=\"\" class=\"wp-image-2091\" srcset=\"https:\/\/lismoiunavenir.org\/wp-content\/uploads\/2025\/12\/WhatsApp-Image-2025-12-17-at-23.33.53-1.jpeg 560w, https:\/\/lismoiunavenir.org\/wp-content\/uploads\/2025\/12\/WhatsApp-Image-2025-12-17-at-23.33.53-1-300x204.jpeg 300w\" sizes=\"(max-width: 560px) 100vw, 560px\" \/><\/figure>\n\n\n\n<figure class=\"wp-block-image size-large\"><img loading=\"lazy\" decoding=\"async\" width=\"1024\" height=\"768\" data-id=\"2092\" src=\"https:\/\/lismoiunavenir.org\/wp-content\/uploads\/2025\/12\/WhatsApp-Image-2025-12-17-at-23.33.53-1024x768.jpeg\" alt=\"\" class=\"wp-image-2092\" srcset=\"https:\/\/lismoiunavenir.org\/wp-content\/uploads\/2025\/12\/WhatsApp-Image-2025-12-17-at-23.33.53-1024x768.jpeg 1024w, https:\/\/lismoiunavenir.org\/wp-content\/uploads\/2025\/12\/WhatsApp-Image-2025-12-17-at-23.33.53-300x225.jpeg 300w, https:\/\/lismoiunavenir.org\/wp-content\/uploads\/2025\/12\/WhatsApp-Image-2025-12-17-at-23.33.53-768x576.jpeg 768w, https:\/\/lismoiunavenir.org\/wp-content\/uploads\/2025\/12\/WhatsApp-Image-2025-12-17-at-23.33.53-600x450.jpeg 600w, https:\/\/lismoiunavenir.org\/wp-content\/uploads\/2025\/12\/WhatsApp-Image-2025-12-17-at-23.33.53.jpeg 1080w\" sizes=\"(max-width: 1024px) 100vw, 1024px\" \/><\/figure>\n\n\n\n<figure class=\"wp-block-image size-large\"><img loading=\"lazy\" decoding=\"async\" width=\"1024\" height=\"768\" data-id=\"2093\" src=\"https:\/\/lismoiunavenir.org\/wp-content\/uploads\/2025\/12\/WhatsApp-Image-2025-12-17-at-23.47.14-1024x768.jpeg\" alt=\"\" class=\"wp-image-2093\" srcset=\"https:\/\/lismoiunavenir.org\/wp-content\/uploads\/2025\/12\/WhatsApp-Image-2025-12-17-at-23.47.14-1024x768.jpeg 1024w, https:\/\/lismoiunavenir.org\/wp-content\/uploads\/2025\/12\/WhatsApp-Image-2025-12-17-at-23.47.14-300x225.jpeg 300w, https:\/\/lismoiunavenir.org\/wp-content\/uploads\/2025\/12\/WhatsApp-Image-2025-12-17-at-23.47.14-768x576.jpeg 768w, https:\/\/lismoiunavenir.org\/wp-content\/uploads\/2025\/12\/WhatsApp-Image-2025-12-17-at-23.47.14-600x450.jpeg 600w, https:\/\/lismoiunavenir.org\/wp-content\/uploads\/2025\/12\/WhatsApp-Image-2025-12-17-at-23.47.14.jpeg 1080w\" sizes=\"(max-width: 1024px) 100vw, 1024px\" \/><\/figure>\n\n\n\n<figure class=\"wp-block-image size-large\"><img loading=\"lazy\" decoding=\"async\" width=\"1024\" height=\"768\" data-id=\"2094\" src=\"https:\/\/lismoiunavenir.org\/wp-content\/uploads\/2025\/12\/WhatsApp-Image-2025-12-17-at-23.47.13-1024x768.jpeg\" alt=\"\" class=\"wp-image-2094\" srcset=\"https:\/\/lismoiunavenir.org\/wp-content\/uploads\/2025\/12\/WhatsApp-Image-2025-12-17-at-23.47.13-1024x768.jpeg 1024w, https:\/\/lismoiunavenir.org\/wp-content\/uploads\/2025\/12\/WhatsApp-Image-2025-12-17-at-23.47.13-300x225.jpeg 300w, https:\/\/lismoiunavenir.org\/wp-content\/uploads\/2025\/12\/WhatsApp-Image-2025-12-17-at-23.47.13-768x576.jpeg 768w, https:\/\/lismoiunavenir.org\/wp-content\/uploads\/2025\/12\/WhatsApp-Image-2025-12-17-at-23.47.13-600x450.jpeg 600w, https:\/\/lismoiunavenir.org\/wp-content\/uploads\/2025\/12\/WhatsApp-Image-2025-12-17-at-23.47.13.jpeg 1080w\" sizes=\"(max-width: 1024px) 100vw, 1024px\" \/><\/figure>\n<\/figure>\n\n\n\n<p>Fid\u00e8le \u00e0 sa mission de contribuer \u00e0 un avenir meilleur pour les enfants, la Fondation Lis-moi un avenir r\u00e9affirme, \u00e0 travers cette initiative, sa volont\u00e9 d\u2019accompagner les jeunes dans leur \u00e9ducation globale, en alliant apprentissage acad\u00e9mique, valeurs citoyennes et respect de l\u2019environnement.<\/p>\n\n\n\n<p>Parce que apprendre dans un environnement sain est un chemin pour r\u00eaver et construire son avenir.<\/p>\n","protected":false},"excerpt":{"rendered":"<p>Le mercredi 19 novembre 2025, la Fondation Lis-moi un avenir a organis\u00e9 l\u2019activit\u00e9 \u00ab Mon \u00e9cole propre \u00bb, une journ\u00e9e de sensibilisation d\u00e9di\u00e9e \u00e0 la propret\u00e9 et \u00e0 la pr\u00e9servation de l\u2019environnement scolaire. Cette initiative avait pour objectif principal de mobiliser les \u00e9l\u00e8ves, les enseignants et la communaut\u00e9 \u00e9ducative autour d\u2019actions concr\u00e8tes visant \u00e0 am\u00e9liorer [&hellip;]<\/p>\n","protected":false},"author":1,"featured_media":2097,"comment_status":"closed","ping_status":"closed","sticky":false,"template":"","format":"standard","meta":{"footnotes":""},"categories":[18,16],"tags":[],"class_list":["post-2090","post","type-post","status-publish","format-standard","has-post-thumbnail","hentry","category-ecosyteme","category-sensibilisation"],"_links":{"self":[{"href":"https:\/\/lismoiunavenir.org\/index.php?rest_route=\/wp\/v2\/posts\/2090","targetHints":{"allow":["GET"]}}],"collection":[{"href":"https:\/\/lismoiunavenir.org\/index.php?rest_route=\/wp\/v2\/posts"}],"about":[{"href":"https:\/\/lismoiunavenir.org\/index.php?rest_route=\/wp\/v2\/types\/post"}],"author":[{"embeddable":true,"href":"https:\/\/lismoiunavenir.org\/index.php?rest_route=\/wp\/v2\/users\/1"}],"replies":[{"embeddable":true,"href":"https:\/\/lismoiunavenir.org\/index.php?rest_route=%2Fwp%2Fv2%2Fcomments&post=2090"}],"version-history":[{"count":1,"href":"https:\/\/lismoiunavenir.org\/index.php?rest_route=\/wp\/v2\/posts\/2090\/revisions"}],"predecessor-version":[{"id":2099,"href":"https:\/\/lismoiunavenir.org\/index.php?rest_route=\/wp\/v2\/posts\/2090\/revisions\/2099"}],"wp:featuredmedia":[{"embeddable":true,"href":"https:\/\/lismoiunavenir.org\/index.php?rest_route=\/wp\/v2\/media\/2097"}],"wp:attachment":[{"href":"https:\/\/lismoiunavenir.org\/index.php?rest_route=%2Fwp%2Fv2%2Fmedia&parent=2090"}],"wp:term":[{"taxonomy":"category","embeddable":true,"href":"https:\/\/lismoiunavenir.org\/index.php?rest_route=%2Fwp%2Fv2%2Fcategories&post=2090"},{"taxonomy":"post_tag","embeddable":true,"href":"https:\/\/lismoiunavenir.org\/index.php?rest_route=%2Fwp%2Fv2%2Ftags&post=2090"}],"curies":[{"name":"wp","href":"https:\/\/api.w.org\/{rel}","templated":true}]}}