{"id":1872,"date":"2025-09-08T16:08:42","date_gmt":"2025-09-08T16:08:42","guid":{"rendered":"https:\/\/lismoiunavenir.org\/?p=1872"},"modified":"2025-12-18T00:40:22","modified_gmt":"2025-12-18T00:40:22","slug":"sortie-parascolaire-quand-le-fitness-devient-un-outil-de-confiance-et-de-cohesion","status":"publish","type":"post","link":"https:\/\/lismoiunavenir.org\/?p=1872","title":{"rendered":"Sortie parascolaire : quand le fitness devient un outil de confiance et de coh\u00e9sion"},"content":{"rendered":"\n<p>Le 06 septembre 2025, la Fondation Rayess \u2013 Lis Moi un Avenir a organis\u00e9 une sortie parascolaire originale et enrichissante au c\u0153ur de l\u2019\u00e9v\u00e9nement Es-Tu Fitness ?. Dix b\u00e9n\u00e9ficiaires du programme d\u2019alphab\u00e9tisation et d\u2019apprentissage d\u2019un m\u00e9tier ont eu l\u2019opportunit\u00e9 de d\u00e9couvrir et de pratiquer le fitness, une activit\u00e9 sportive \u00e0 la fois accessible, sociale et formatrice.<\/p>\n\n\n\n<figure class=\"wp-block-image size-large\"><img fetchpriority=\"high\" decoding=\"async\" width=\"1024\" height=\"559\" src=\"https:\/\/lismoiunavenir.org\/wp-content\/uploads\/2025\/09\/2-1024x559.png\" alt=\"\" class=\"wp-image-1855\" srcset=\"https:\/\/lismoiunavenir.org\/wp-content\/uploads\/2025\/09\/2-1024x559.png 1024w, https:\/\/lismoiunavenir.org\/wp-content\/uploads\/2025\/09\/2-300x164.png 300w, https:\/\/lismoiunavenir.org\/wp-content\/uploads\/2025\/09\/2-768x419.png 768w, https:\/\/lismoiunavenir.org\/wp-content\/uploads\/2025\/09\/2-1536x839.png 1536w, https:\/\/lismoiunavenir.org\/wp-content\/uploads\/2025\/09\/2-2048x1119.png 2048w, https:\/\/lismoiunavenir.org\/wp-content\/uploads\/2025\/09\/2-600x328.png 600w\" sizes=\"(max-width: 1024px) 100vw, 1024px\" \/><\/figure>\n\n\n\n<h2 class=\"wp-block-heading\">Le sport comme levier de confiance en soi<\/h2>\n\n\n\n<p>Pour ces femmes engag\u00e9es dans un parcours de formation et d\u2019autonomisation, cette initiation au fitness a \u00e9t\u00e9 bien plus qu\u2019une activit\u00e9 physique. Elle a \u00e9t\u00e9 un moment de d\u00e9couverte de soi, un espace pour repousser ses limites et se rappeler que le corps, tout autant que l\u2019esprit, a besoin d\u2019\u00eatre valoris\u00e9 et respect\u00e9.<\/p>\n\n\n\n<p>Le sport contribue \u00e0 renforcer la confiance en soi : \u00e0 chaque mouvement, chaque effort partag\u00e9, les participantes ont pu ressentir la fiert\u00e9 de progresser ensemble et de prendre conscience de leur potentiel.<\/p>\n\n\n\n<h2 class=\"wp-block-heading\">Hygi\u00e8ne de vie et bien-\u00eatre global<\/h2>\n\n\n\n<p>e fitness, en tant qu\u2019activit\u00e9 simple et adaptable, transmet aussi un message essentiel : prendre soin de son corps, c\u2019est investir dans sa sant\u00e9 et son avenir. Une bonne hygi\u00e8ne de vie, associant activit\u00e9 physique r\u00e9guli\u00e8re, alimentation \u00e9quilibr\u00e9e et repos, constitue un pilier pour l\u2019\u00e9panouissement personnel.<\/p>\n\n\n\n<p>Cette activit\u00e9 a permis aux b\u00e9n\u00e9ficiaires de comprendre que bouger r\u00e9guli\u00e8rement n\u2019est pas un luxe, mais une n\u00e9cessit\u00e9 pour maintenir \u00e9nergie, \u00e9quilibre et vitalit\u00e9.<\/p>\n\n\n\n<h2 class=\"wp-block-heading\">Coh\u00e9sion et solidarit\u00e9 \u00e0 travers le sport<\/h2>\n\n\n\n<p>Le fitness est aussi une activit\u00e9 profond\u00e9ment sociale. Dans la convivialit\u00e9 et l\u2019\u00e9nergie de groupe, les dix participantes ont partag\u00e9 rires, encouragements et d\u00e9passement de soi. Cette exp\u00e9rience a renforc\u00e9 la coh\u00e9sion entre les b\u00e9n\u00e9ficiaires, consolidant cet esprit de sororit\u00e9 qui fait la force de la Fondation.<\/p>\n\n\n\n<h2 class=\"wp-block-heading\">La Fondation Rayess \u2013 Lis Moi un Avenir : accompagner autrement<\/h2>\n\n\n\n<p>Toujours soucieuse de proposer des approches innovantes, la Fondation Rayess \u2013 Lis Moi un Avenir ne limite pas son action \u00e0 l\u2019alphab\u00e9tisation et \u00e0 l\u2019apprentissage d\u2019un m\u00e9tier. Elle ouvre \u00e9galement des espaces d\u2019\u00e9panouissement personnel, o\u00f9 l\u2019\u00e9ducation, la sant\u00e9, la culture et d\u00e9sormais le sport se rejoignent pour favoriser l\u2019autonomie et le bien-\u00eatre des femmes.<\/p>\n\n\n\n<p>Par cette sortie parascolaire, la Fondation confirme son engagement \u00e0 offrir un accompagnement holistique, o\u00f9 le corps et l\u2019esprit avancent ensemble vers un avenir plus digne et \u00e9quilibr\u00e9.<\/p>\n\n\n\n<p>\u00c0 travers le fitness, ces dix femmes ont ainsi d\u00e9couvert un nouveau langage : celui du mouvement, du respect de soi et de la solidarit\u00e9.<\/p>\n\n\n\n<p><\/p>\n","protected":false},"excerpt":{"rendered":"<p>Le 06 septembre 2025, la Fondation Rayess \u2013 Lis Moi un Avenir a organis\u00e9 une sortie parascolaire originale et enrichissante au c\u0153ur de l\u2019\u00e9v\u00e9nement Es-Tu Fitness ?. Dix b\u00e9n\u00e9ficiaires du programme d\u2019alphab\u00e9tisation et d\u2019apprentissage d\u2019un m\u00e9tier ont eu l\u2019opportunit\u00e9 de d\u00e9couvrir et de pratiquer le fitness, une activit\u00e9 sportive \u00e0 la fois accessible, sociale et [&hellip;]<\/p>\n","protected":false},"author":1,"featured_media":1855,"comment_status":"closed","ping_status":"closed","sticky":false,"template":"","format":"standard","meta":{"footnotes":""},"categories":[13,16],"tags":[],"class_list":["post-1872","post","type-post","status-publish","format-standard","has-post-thumbnail","hentry","category-education","category-sensibilisation"],"_links":{"self":[{"href":"https:\/\/lismoiunavenir.org\/index.php?rest_route=\/wp\/v2\/posts\/1872","targetHints":{"allow":["GET"]}}],"collection":[{"href":"https:\/\/lismoiunavenir.org\/index.php?rest_route=\/wp\/v2\/posts"}],"about":[{"href":"https:\/\/lismoiunavenir.org\/index.php?rest_route=\/wp\/v2\/types\/post"}],"author":[{"embeddable":true,"href":"https:\/\/lismoiunavenir.org\/index.php?rest_route=\/wp\/v2\/users\/1"}],"replies":[{"embeddable":true,"href":"https:\/\/lismoiunavenir.org\/index.php?rest_route=%2Fwp%2Fv2%2Fcomments&post=1872"}],"version-history":[{"count":1,"href":"https:\/\/lismoiunavenir.org\/index.php?rest_route=\/wp\/v2\/posts\/1872\/revisions"}],"predecessor-version":[{"id":1873,"href":"https:\/\/lismoiunavenir.org\/index.php?rest_route=\/wp\/v2\/posts\/1872\/revisions\/1873"}],"wp:featuredmedia":[{"embeddable":true,"href":"https:\/\/lismoiunavenir.org\/index.php?rest_route=\/wp\/v2\/media\/1855"}],"wp:attachment":[{"href":"https:\/\/lismoiunavenir.org\/index.php?rest_route=%2Fwp%2Fv2%2Fmedia&parent=1872"}],"wp:term":[{"taxonomy":"category","embeddable":true,"href":"https:\/\/lismoiunavenir.org\/index.php?rest_route=%2Fwp%2Fv2%2Fcategories&post=1872"},{"taxonomy":"post_tag","embeddable":true,"href":"https:\/\/lismoiunavenir.org\/index.php?rest_route=%2Fwp%2Fv2%2Ftags&post=1872"}],"curies":[{"name":"wp","href":"https:\/\/api.w.org\/{rel}","templated":true}]}}