{"id":1864,"date":"2025-07-30T16:00:46","date_gmt":"2025-07-30T16:00:46","guid":{"rendered":"https:\/\/lismoiunavenir.org\/?p=1864"},"modified":"2025-12-18T00:39:58","modified_gmt":"2025-12-18T00:39:58","slug":"atelier-confiance-en-soi-a-travers-les-contes-quand-la-lecture-devient-un-levier-dautonomie","status":"publish","type":"post","link":"https:\/\/lismoiunavenir.org\/?p=1864","title":{"rendered":"Atelier Confiance en soi \u00e0 travers les contes : quand la lecture devient un levier d\u2019autonomie"},"content":{"rendered":"\n<p>Le 29 juillet 2025, la Fondation Rayess \u2013 Lis Moi un Avenir a organis\u00e9 un atelier original et profond\u00e9ment inspirant autour du livre <em>\u00ab Les Contes du P\u00e8re Voil\u00e0 Pourquoi \u00bb<\/em>. Destin\u00e9 aux 75 b\u00e9n\u00e9ficiaires du programme d\u2019alphab\u00e9tisation et d\u2019apprentissage d\u2019un m\u00e9tier, cet atelier avait un objectif clair : utiliser la puissance des histoires pour amener les femmes \u00e0 s\u2019interroger sur leur parcours et \u00e0 renforcer leur confiance en elles.<\/p>\n\n\n\n<figure class=\"wp-block-image size-large\"><img fetchpriority=\"high\" decoding=\"async\" width=\"768\" height=\"1024\" src=\"https:\/\/lismoiunavenir.org\/wp-content\/uploads\/2025\/09\/WhatsApp-Image-2025-09-20-at-15.58.46-1-768x1024.jpeg\" alt=\"\" class=\"wp-image-1867\" srcset=\"https:\/\/lismoiunavenir.org\/wp-content\/uploads\/2025\/09\/WhatsApp-Image-2025-09-20-at-15.58.46-1-768x1024.jpeg 768w, https:\/\/lismoiunavenir.org\/wp-content\/uploads\/2025\/09\/WhatsApp-Image-2025-09-20-at-15.58.46-1-225x300.jpeg 225w, https:\/\/lismoiunavenir.org\/wp-content\/uploads\/2025\/09\/WhatsApp-Image-2025-09-20-at-15.58.46-1-600x800.jpeg 600w, https:\/\/lismoiunavenir.org\/wp-content\/uploads\/2025\/09\/WhatsApp-Image-2025-09-20-at-15.58.46-1.jpeg 810w\" sizes=\"(max-width: 768px) 100vw, 768px\" \/><\/figure>\n\n\n\n<h2 class=\"wp-block-heading\">Lire pour r\u00e9fl\u00e9chir, r\u00e9fl\u00e9chir pour grandir<\/h2>\n\n\n\n<p>\u00c0 travers la lecture de ce conte, les participantes ont \u00e9t\u00e9 invit\u00e9es \u00e0 se poser des questions essentielles :<\/p>\n\n\n\n<ul class=\"wp-block-list\">\n<li><em>Pourquoi est-ce que je veux me former ?<\/em><\/li>\n\n\n\n<li><em>Pourquoi est-ce important pour moi d\u2019\u00eatre ind\u00e9pendante ?<\/em><\/li>\n\n\n\n<li><em>En quoi cela compte pour l\u2019avenir de mes enfants ?<\/em><\/li>\n<\/ul>\n\n\n\n<p>Ces interrogations simples en apparence ouvrent en r\u00e9alit\u00e9 la porte \u00e0 une r\u00e9flexion profonde sur l\u2019importance de l\u2019\u00e9ducation, de l\u2019autonomie financi\u00e8re et de la dignit\u00e9 personnelle.<\/p>\n\n\n\n<h2 class=\"wp-block-heading\">La confiance en soi : une cl\u00e9 d\u2019autonomisation<\/h2>\n\n\n\n<p>La confiance en soi n\u2019est pas inn\u00e9e, elle se construit pas \u00e0 pas, notamment \u00e0 travers des exp\u00e9riences comme celle-ci. Pour beaucoup de femmes, reprendre le chemin de l\u2019alphab\u00e9tisation et d\u2019un apprentissage professionnel demande un courage immense. Cet atelier a \u00e9t\u00e9 un rappel puissant : <em>elles ont en elles les ressources n\u00e9cessaires pour prendre en main leur vie, oser se projeter et croire en leur potentiel.<\/em><\/p>\n\n\n\n<p>D\u00e9velopper cette confiance est essentiel non seulement pour elles, mais aussi pour leurs enfants, qui grandiront dans un environnement plus stable et inspirant.<\/p>\n\n\n\n<h2 class=\"wp-block-heading\">La Fondation Rayess \u2013 Lis Moi un Avenir : un espace d\u2019apprentissage et d\u2019\u00e9mancipation<\/h2>\n\n\n\n<p>Cr\u00e9\u00e9e pour offrir aux femmes et aux jeunes filles un cadre s\u00e9curis\u00e9, \u00e9ducatif et transformateur, la Fondation Rayess \u2013 Lis Moi un Avenir s\u2019engage depuis sa cr\u00e9ation \u00e0 lutter contre l\u2019analphab\u00e9tisme, \u00e0 promouvoir la formation professionnelle et \u00e0 d\u00e9fendre la dignit\u00e9 f\u00e9minine.<\/p>\n\n\n\n<p>\u00c0 travers ses programmes \u2013 alphab\u00e9tisation, apprentissage d\u2019un m\u00e9tier, accompagnement psychosocial et initiatives innovantes comme <a href=\"https:\/\/lismoiunavenir.org\/?p=1782\">NADISSA<\/a> \u2013 la Fondation \u0153uvre \u00e0 construire un avenir o\u00f9 chaque femme peut devenir actrice de son destin et un pilier pour sa communaut\u00e9.<\/p>\n\n\n\n<figure class=\"wp-block-gallery has-nested-images columns-default is-cropped wp-block-gallery-1 is-layout-flex wp-block-gallery-is-layout-flex\">\n<figure class=\"wp-block-image size-large\"><img decoding=\"async\" width=\"1024\" height=\"559\" data-id=\"1853\" src=\"https:\/\/lismoiunavenir.org\/wp-content\/uploads\/2025\/09\/1-1024x559.png\" alt=\"\" class=\"wp-image-1853\" srcset=\"https:\/\/lismoiunavenir.org\/wp-content\/uploads\/2025\/09\/1-1024x559.png 1024w, https:\/\/lismoiunavenir.org\/wp-content\/uploads\/2025\/09\/1-300x164.png 300w, https:\/\/lismoiunavenir.org\/wp-content\/uploads\/2025\/09\/1-768x419.png 768w, https:\/\/lismoiunavenir.org\/wp-content\/uploads\/2025\/09\/1-1536x839.png 1536w, https:\/\/lismoiunavenir.org\/wp-content\/uploads\/2025\/09\/1-2048x1119.png 2048w, https:\/\/lismoiunavenir.org\/wp-content\/uploads\/2025\/09\/1-600x328.png 600w\" sizes=\"(max-width: 1024px) 100vw, 1024px\" \/><\/figure>\n\n\n\n<figure class=\"wp-block-image size-large\"><img decoding=\"async\" width=\"1024\" height=\"768\" data-id=\"1866\" src=\"https:\/\/lismoiunavenir.org\/wp-content\/uploads\/2025\/09\/WhatsApp-Image-2025-09-20-at-15.58.46-2-1024x768.jpeg\" alt=\"\" class=\"wp-image-1866\" srcset=\"https:\/\/lismoiunavenir.org\/wp-content\/uploads\/2025\/09\/WhatsApp-Image-2025-09-20-at-15.58.46-2-1024x768.jpeg 1024w, https:\/\/lismoiunavenir.org\/wp-content\/uploads\/2025\/09\/WhatsApp-Image-2025-09-20-at-15.58.46-2-300x225.jpeg 300w, https:\/\/lismoiunavenir.org\/wp-content\/uploads\/2025\/09\/WhatsApp-Image-2025-09-20-at-15.58.46-2-768x576.jpeg 768w, https:\/\/lismoiunavenir.org\/wp-content\/uploads\/2025\/09\/WhatsApp-Image-2025-09-20-at-15.58.46-2-600x450.jpeg 600w, https:\/\/lismoiunavenir.org\/wp-content\/uploads\/2025\/09\/WhatsApp-Image-2025-09-20-at-15.58.46-2.jpeg 1080w\" sizes=\"(max-width: 1024px) 100vw, 1024px\" \/><\/figure>\n\n\n\n<figure class=\"wp-block-image size-large\"><img loading=\"lazy\" decoding=\"async\" width=\"1024\" height=\"768\" data-id=\"1865\" src=\"https:\/\/lismoiunavenir.org\/wp-content\/uploads\/2025\/09\/WhatsApp-Image-2025-09-20-at-15.58.47-1024x768.jpeg\" alt=\"\" class=\"wp-image-1865\" srcset=\"https:\/\/lismoiunavenir.org\/wp-content\/uploads\/2025\/09\/WhatsApp-Image-2025-09-20-at-15.58.47-1024x768.jpeg 1024w, https:\/\/lismoiunavenir.org\/wp-content\/uploads\/2025\/09\/WhatsApp-Image-2025-09-20-at-15.58.47-300x225.jpeg 300w, https:\/\/lismoiunavenir.org\/wp-content\/uploads\/2025\/09\/WhatsApp-Image-2025-09-20-at-15.58.47-768x576.jpeg 768w, https:\/\/lismoiunavenir.org\/wp-content\/uploads\/2025\/09\/WhatsApp-Image-2025-09-20-at-15.58.47-600x450.jpeg 600w, https:\/\/lismoiunavenir.org\/wp-content\/uploads\/2025\/09\/WhatsApp-Image-2025-09-20-at-15.58.47.jpeg 1080w\" sizes=\"(max-width: 1024px) 100vw, 1024px\" \/><\/figure>\n<\/figure>\n\n\n\n<h2 class=\"wp-block-heading\">Une \u00e9tape vers l\u2019autonomie<\/h2>\n\n\n\n<p>Cet atelier n\u2019\u00e9tait pas seulement une activit\u00e9 ludique et \u00e9ducative, mais un v\u00e9ritable tremplin. Les participantes sont reparties avec plus qu\u2019une lecture : une conviction renouvel\u00e9e qu\u2019elles peuvent, par elles-m\u00eames, tracer le chemin de leur ind\u00e9pendance et contribuer activement \u00e0 un avenir meilleur pour elles et leurs enfants.<\/p>\n\n\n\n<p>Merci \u00e0 toutes les b\u00e9n\u00e9ficiaires pour leur engagement et leur courage. \u00c0 travers la lecture, l\u2019\u00e9ducation et la confiance, nous avan\u00e7ons ensemble vers un futur plus juste et plus digne.<\/p>\n\n\n\n<p><\/p>\n","protected":false},"excerpt":{"rendered":"<p>Le 29 juillet 2025, la Fondation Rayess \u2013 Lis Moi un Avenir a organis\u00e9 un atelier original et profond\u00e9ment inspirant autour du livre \u00ab Les Contes du P\u00e8re Voil\u00e0 Pourquoi \u00bb. Destin\u00e9 aux 75 b\u00e9n\u00e9ficiaires du programme d\u2019alphab\u00e9tisation et d\u2019apprentissage d\u2019un m\u00e9tier, cet atelier avait un objectif clair : utiliser la puissance des histoires pour [&hellip;]<\/p>\n","protected":false},"author":1,"featured_media":1853,"comment_status":"closed","ping_status":"closed","sticky":false,"template":"","format":"standard","meta":{"footnotes":""},"categories":[14,13,16],"tags":[],"class_list":["post-1864","post","type-post","status-publish","format-standard","has-post-thumbnail","hentry","category-alphabetisation","category-education","category-sensibilisation"],"_links":{"self":[{"href":"https:\/\/lismoiunavenir.org\/index.php?rest_route=\/wp\/v2\/posts\/1864","targetHints":{"allow":["GET"]}}],"collection":[{"href":"https:\/\/lismoiunavenir.org\/index.php?rest_route=\/wp\/v2\/posts"}],"about":[{"href":"https:\/\/lismoiunavenir.org\/index.php?rest_route=\/wp\/v2\/types\/post"}],"author":[{"embeddable":true,"href":"https:\/\/lismoiunavenir.org\/index.php?rest_route=\/wp\/v2\/users\/1"}],"replies":[{"embeddable":true,"href":"https:\/\/lismoiunavenir.org\/index.php?rest_route=%2Fwp%2Fv2%2Fcomments&post=1864"}],"version-history":[{"count":1,"href":"https:\/\/lismoiunavenir.org\/index.php?rest_route=\/wp\/v2\/posts\/1864\/revisions"}],"predecessor-version":[{"id":1871,"href":"https:\/\/lismoiunavenir.org\/index.php?rest_route=\/wp\/v2\/posts\/1864\/revisions\/1871"}],"wp:featuredmedia":[{"embeddable":true,"href":"https:\/\/lismoiunavenir.org\/index.php?rest_route=\/wp\/v2\/media\/1853"}],"wp:attachment":[{"href":"https:\/\/lismoiunavenir.org\/index.php?rest_route=%2Fwp%2Fv2%2Fmedia&parent=1864"}],"wp:term":[{"taxonomy":"category","embeddable":true,"href":"https:\/\/lismoiunavenir.org\/index.php?rest_route=%2Fwp%2Fv2%2Fcategories&post=1864"},{"taxonomy":"post_tag","embeddable":true,"href":"https:\/\/lismoiunavenir.org\/index.php?rest_route=%2Fwp%2Fv2%2Ftags&post=1864"}],"curies":[{"name":"wp","href":"https:\/\/api.w.org\/{rel}","templated":true}]}}