{"id":1587,"date":"2025-07-15T21:03:50","date_gmt":"2025-07-15T21:03:50","guid":{"rendered":"https:\/\/lismoiunavenir.org\/?p=1587"},"modified":"2025-07-15T21:03:50","modified_gmt":"2025-07-15T21:03:50","slug":"creer-du-lien-pour-multiplier-limpact-retour-sur-la-premiere-rencontre-des-osc-organisee-par-la-fondation-rayess-lis-moi-un-avenir","status":"publish","type":"post","link":"https:\/\/lismoiunavenir.org\/?p=1587","title":{"rendered":"Cr\u00e9er du lien pour multiplier l\u2019impact : Retour sur la premi\u00e8re rencontre des OSC organis\u00e9e par la Fondation Rayess \u2013 Lis Moi un Avenir"},"content":{"rendered":"\n<p>Le 3 juillet 2025, la Fondation Lis moi un avenir \u2013 Nady &amp; Imane Rayess a franchi une nouvelle \u00e9tape dans son engagement en faveur de l\u2019autonomisation des filles et des femmes. En accueillant sa premi\u00e8re Rencontre des Organisations de la Soci\u00e9t\u00e9 Civile (OSC), elle a cr\u00e9\u00e9 un espace d\u2019\u00e9change dynamique, plac\u00e9 sous le signe de la solidarit\u00e9, des synergies et des engagements partag\u00e9s.<\/p>\n\n\n\n<figure class=\"wp-block-image size-large\"><img fetchpriority=\"high\" decoding=\"async\" width=\"1024\" height=\"577\" src=\"https:\/\/lismoiunavenir.org\/wp-content\/uploads\/2025\/07\/premiere-rencontre-des-osc-fondation-rayess-lis-moi-un-avenir-5-1024x577.jpg\" alt=\"\" class=\"wp-image-1592\" srcset=\"https:\/\/lismoiunavenir.org\/wp-content\/uploads\/2025\/07\/premiere-rencontre-des-osc-fondation-rayess-lis-moi-un-avenir-5-1024x577.jpg 1024w, https:\/\/lismoiunavenir.org\/wp-content\/uploads\/2025\/07\/premiere-rencontre-des-osc-fondation-rayess-lis-moi-un-avenir-5-300x169.jpg 300w, https:\/\/lismoiunavenir.org\/wp-content\/uploads\/2025\/07\/premiere-rencontre-des-osc-fondation-rayess-lis-moi-un-avenir-5-768x433.jpg 768w, https:\/\/lismoiunavenir.org\/wp-content\/uploads\/2025\/07\/premiere-rencontre-des-osc-fondation-rayess-lis-moi-un-avenir-5.jpg 1440w\" sizes=\"(max-width: 1024px) 100vw, 1024px\" \/><\/figure>\n\n\n\n<h3 class=\"wp-block-heading\">Une matin\u00e9e plac\u00e9e sous le signe du dialogue et de la coop\u00e9ration<\/h3>\n\n\n\n<p>R\u00e9unies \u00e0 l\u2019\u00c9cole de la Deuxi\u00e8me Chance \u00e0 Koumassi, les \u00e9quipes de la Fondation, repr\u00e9sent\u00e9es par Kenza Rayess, pr\u00e9sidente, et Isabelle Zongo, coordinatrice projet, ont ouvert leurs portes \u00e0 une diversit\u00e9 d\u2019acteur.rice.s engag\u00e9.e.s dans les domaines de l\u2019\u00e9ducation, de la formation, de la sant\u00e9, de l\u2019\u00e9galit\u00e9 de genre et de l&rsquo;autonomisation des filles et des femmes.<\/p>\n\n\n\n<p>Sous le th\u00e8me\u202f: <strong>\u00ab\u00a0Solidarit\u00e9, alliances et synergies pour l\u2019autonomisation des filles et des femmes\u00a0\u00bb<\/strong>, cette rencontre a permis de :<\/p>\n\n\n\n<ul class=\"wp-block-list\">\n<li>d\u00e9couvrir les <strong>actions et les valeurs fondatrices de la Fondation Rayess<\/strong>;<\/li>\n\n\n\n<li>visiter les infrastructures p\u00e9dagogiques et les espaces de formation;<\/li>\n\n\n\n<li><strong>\u00e9changer des id\u00e9es, partager des initiatives<\/strong>, et surtout;<\/li>\n\n\n\n<li><strong>envisager des collaborations concr\u00e8tes<\/strong> pour r\u00e9pondre ensemble aux d\u00e9fis de l\u2019inclusion, de l&rsquo;autonomisation et de l\u2019\u00e9mancipation f\u00e9minine.<\/li>\n<\/ul>\n\n\n\n<h3 class=\"wp-block-heading\">Un moment de rencontre et de convergence<\/h3>\n\n\n\n<p>Autour d\u2019une collation conviviale, les participant\u00b7e\u00b7s ont eu l\u2019opportunit\u00e9 de tisser des liens, de pr\u00e9senter leurs structures, leurs initiatives et solutions, de faire connaissance et de jeter les bases de partenariats durables et solidaires. <\/p>\n\n\n\n<p>Au-del\u00e0 des mots, cette matin\u00e9e a d\u00e9montr\u00e9 que les r\u00e9seaux de proximit\u00e9 et la coop\u00e9ration inter-associative sont des leviers essentiels de transformation sociale.<\/p>\n\n\n\n<h3 class=\"wp-block-heading\">Un engagement enracin\u00e9 dans une vision familiale<\/h3>\n\n\n\n<p>Cr\u00e9\u00e9e en 2014, la Fondation Rayess \u2013 Lis moi un avenir incarne une philanthropie familiale fond\u00e9e sur l\u2019h\u00e9ritage de feu Imane et Nady Rayess, dont les convictions et les actions en faveur de l\u2019acc\u00e8s \u00e0 l\u2019\u00e9ducation, \u00e0 la dignit\u00e9 et \u00e0 l\u2019autonomie continuent d\u2019inspirer. \u00c0 travers des programmes d\u2019alphab\u00e9tisation, de scolarisation et de formation professionnelle, elle agit pour une soci\u00e9t\u00e9 plus juste, inclusive et humaine.<\/p>\n\n\n\n<p>Cette rencontre n\u2019\u00e9tait qu\u2019un point de d\u00e9part. Comme l\u2019ont soulign\u00e9 l&rsquo;a soulign\u00e9 Kenza Rayess, la Pr\u00e9sidente de la fondation : <\/p>\n\n\n\n<blockquote class=\"wp-block-quote is-layout-flow wp-block-quote-is-layout-flow\">\n<p>\u00ab\u202fCe jour-l\u00e0, nous n\u2019avons pas seulement ouvert nos portes\u2026 nous avons ouvert des perspectives communes.\u202f\u00bb<\/p>\n<\/blockquote>\n\n\n\n<p>La prochaine \u00e9tape ? Construire ensemble des actions partag\u00e9es, durables et impactantes, avec et pour les filles et les femmes accompagn\u00e9es par nos diff\u00e9rentes structures. <\/p>\n\n\n\n<figure class=\"wp-block-gallery has-nested-images columns-default is-cropped wp-block-gallery-1 is-layout-flex wp-block-gallery-is-layout-flex\">\n<figure class=\"wp-block-image\"><img decoding=\"async\" width=\"1440\" height=\"812\" data-id=\"1591\" src=\"https:\/\/lismoiunavenir.org\/wp-content\/uploads\/2025\/07\/premiere-rencontre-des-osc-fondation-rayess-lis-moi-un-avenir-6.jpg\" alt=\"\" class=\"wp-image-1591\" srcset=\"https:\/\/lismoiunavenir.org\/wp-content\/uploads\/2025\/07\/premiere-rencontre-des-osc-fondation-rayess-lis-moi-un-avenir-6.jpg 1440w, https:\/\/lismoiunavenir.org\/wp-content\/uploads\/2025\/07\/premiere-rencontre-des-osc-fondation-rayess-lis-moi-un-avenir-6-300x169.jpg 300w, https:\/\/lismoiunavenir.org\/wp-content\/uploads\/2025\/07\/premiere-rencontre-des-osc-fondation-rayess-lis-moi-un-avenir-6-1024x577.jpg 1024w, https:\/\/lismoiunavenir.org\/wp-content\/uploads\/2025\/07\/premiere-rencontre-des-osc-fondation-rayess-lis-moi-un-avenir-6-768x433.jpg 768w\" sizes=\"(max-width: 1440px) 100vw, 1440px\" \/><\/figure>\n\n\n\n<figure class=\"wp-block-image\"><img decoding=\"async\" width=\"1440\" height=\"812\" data-id=\"1593\" src=\"https:\/\/lismoiunavenir.org\/wp-content\/uploads\/2025\/07\/premiere-rencontre-des-osc-fondation-rayess-lis-moi-un-avenir-4.jpg\" alt=\"\" class=\"wp-image-1593\" srcset=\"https:\/\/lismoiunavenir.org\/wp-content\/uploads\/2025\/07\/premiere-rencontre-des-osc-fondation-rayess-lis-moi-un-avenir-4.jpg 1440w, https:\/\/lismoiunavenir.org\/wp-content\/uploads\/2025\/07\/premiere-rencontre-des-osc-fondation-rayess-lis-moi-un-avenir-4-300x169.jpg 300w, https:\/\/lismoiunavenir.org\/wp-content\/uploads\/2025\/07\/premiere-rencontre-des-osc-fondation-rayess-lis-moi-un-avenir-4-1024x577.jpg 1024w, https:\/\/lismoiunavenir.org\/wp-content\/uploads\/2025\/07\/premiere-rencontre-des-osc-fondation-rayess-lis-moi-un-avenir-4-768x433.jpg 768w\" sizes=\"(max-width: 1440px) 100vw, 1440px\" \/><\/figure>\n\n\n\n<figure class=\"wp-block-image\"><img loading=\"lazy\" decoding=\"async\" width=\"1440\" height=\"812\" data-id=\"1594\" src=\"https:\/\/lismoiunavenir.org\/wp-content\/uploads\/2025\/07\/premiere-rencontre-des-osc-fondation-rayess-lis-moi-un-avenir-3.jpg\" alt=\"\" class=\"wp-image-1594\" srcset=\"https:\/\/lismoiunavenir.org\/wp-content\/uploads\/2025\/07\/premiere-rencontre-des-osc-fondation-rayess-lis-moi-un-avenir-3.jpg 1440w, https:\/\/lismoiunavenir.org\/wp-content\/uploads\/2025\/07\/premiere-rencontre-des-osc-fondation-rayess-lis-moi-un-avenir-3-300x169.jpg 300w, https:\/\/lismoiunavenir.org\/wp-content\/uploads\/2025\/07\/premiere-rencontre-des-osc-fondation-rayess-lis-moi-un-avenir-3-1024x577.jpg 1024w, https:\/\/lismoiunavenir.org\/wp-content\/uploads\/2025\/07\/premiere-rencontre-des-osc-fondation-rayess-lis-moi-un-avenir-3-768x433.jpg 768w\" sizes=\"(max-width: 1440px) 100vw, 1440px\" \/><\/figure>\n\n\n\n<figure class=\"wp-block-image\"><img loading=\"lazy\" decoding=\"async\" width=\"1440\" height=\"812\" data-id=\"1595\" src=\"https:\/\/lismoiunavenir.org\/wp-content\/uploads\/2025\/07\/premiere-rencontre-des-osc-fondation-rayess-lis-moi-un-avenir-2.jpg\" alt=\"\" class=\"wp-image-1595\" srcset=\"https:\/\/lismoiunavenir.org\/wp-content\/uploads\/2025\/07\/premiere-rencontre-des-osc-fondation-rayess-lis-moi-un-avenir-2.jpg 1440w, https:\/\/lismoiunavenir.org\/wp-content\/uploads\/2025\/07\/premiere-rencontre-des-osc-fondation-rayess-lis-moi-un-avenir-2-300x169.jpg 300w, https:\/\/lismoiunavenir.org\/wp-content\/uploads\/2025\/07\/premiere-rencontre-des-osc-fondation-rayess-lis-moi-un-avenir-2-1024x577.jpg 1024w, https:\/\/lismoiunavenir.org\/wp-content\/uploads\/2025\/07\/premiere-rencontre-des-osc-fondation-rayess-lis-moi-un-avenir-2-768x433.jpg 768w\" sizes=\"(max-width: 1440px) 100vw, 1440px\" \/><\/figure>\n\n\n\n<figure class=\"wp-block-image\"><img loading=\"lazy\" decoding=\"async\" width=\"1440\" height=\"810\" data-id=\"1597\" src=\"https:\/\/lismoiunavenir.org\/wp-content\/uploads\/2025\/07\/premiere-rencontre-des-osc-fondation-rayess-lis-moi-un-avenir-1.jpg\" alt=\"\" class=\"wp-image-1597\" srcset=\"https:\/\/lismoiunavenir.org\/wp-content\/uploads\/2025\/07\/premiere-rencontre-des-osc-fondation-rayess-lis-moi-un-avenir-1.jpg 1440w, https:\/\/lismoiunavenir.org\/wp-content\/uploads\/2025\/07\/premiere-rencontre-des-osc-fondation-rayess-lis-moi-un-avenir-1-300x169.jpg 300w, https:\/\/lismoiunavenir.org\/wp-content\/uploads\/2025\/07\/premiere-rencontre-des-osc-fondation-rayess-lis-moi-un-avenir-1-1024x576.jpg 1024w, https:\/\/lismoiunavenir.org\/wp-content\/uploads\/2025\/07\/premiere-rencontre-des-osc-fondation-rayess-lis-moi-un-avenir-1-768x432.jpg 768w\" sizes=\"(max-width: 1440px) 100vw, 1440px\" \/><\/figure>\n\n\n\n<figure class=\"wp-block-image\"><img loading=\"lazy\" decoding=\"async\" width=\"1440\" height=\"812\" data-id=\"1592\" src=\"https:\/\/lismoiunavenir.org\/wp-content\/uploads\/2025\/07\/premiere-rencontre-des-osc-fondation-rayess-lis-moi-un-avenir-5.jpg\" alt=\"\" class=\"wp-image-1592\" srcset=\"https:\/\/lismoiunavenir.org\/wp-content\/uploads\/2025\/07\/premiere-rencontre-des-osc-fondation-rayess-lis-moi-un-avenir-5.jpg 1440w, https:\/\/lismoiunavenir.org\/wp-content\/uploads\/2025\/07\/premiere-rencontre-des-osc-fondation-rayess-lis-moi-un-avenir-5-300x169.jpg 300w, https:\/\/lismoiunavenir.org\/wp-content\/uploads\/2025\/07\/premiere-rencontre-des-osc-fondation-rayess-lis-moi-un-avenir-5-1024x577.jpg 1024w, https:\/\/lismoiunavenir.org\/wp-content\/uploads\/2025\/07\/premiere-rencontre-des-osc-fondation-rayess-lis-moi-un-avenir-5-768x433.jpg 768w\" sizes=\"(max-width: 1440px) 100vw, 1440px\" \/><\/figure>\n<\/figure>\n","protected":false},"excerpt":{"rendered":"<p>Le 3 juillet 2025, la Fondation Lis moi un avenir \u2013 Nady &amp; Imane Rayess a franchi une nouvelle \u00e9tape dans son engagement en faveur de l\u2019autonomisation des filles et des femmes. En accueillant sa premi\u00e8re Rencontre des Organisations de la Soci\u00e9t\u00e9 Civile (OSC), elle a cr\u00e9\u00e9 un espace d\u2019\u00e9change dynamique, plac\u00e9 sous le signe [&hellip;]<\/p>\n","protected":false},"author":1,"featured_media":1597,"comment_status":"closed","ping_status":"closed","sticky":false,"template":"","format":"standard","meta":{"footnotes":""},"categories":[12,18,17],"tags":[],"class_list":["post-1587","post","type-post","status-publish","format-standard","has-post-thumbnail","hentry","category-a-la-une","category-ecosyteme","category-partenariats"],"_links":{"self":[{"href":"https:\/\/lismoiunavenir.org\/index.php?rest_route=\/wp\/v2\/posts\/1587","targetHints":{"allow":["GET"]}}],"collection":[{"href":"https:\/\/lismoiunavenir.org\/index.php?rest_route=\/wp\/v2\/posts"}],"about":[{"href":"https:\/\/lismoiunavenir.org\/index.php?rest_route=\/wp\/v2\/types\/post"}],"author":[{"embeddable":true,"href":"https:\/\/lismoiunavenir.org\/index.php?rest_route=\/wp\/v2\/users\/1"}],"replies":[{"embeddable":true,"href":"https:\/\/lismoiunavenir.org\/index.php?rest_route=%2Fwp%2Fv2%2Fcomments&post=1587"}],"version-history":[{"count":1,"href":"https:\/\/lismoiunavenir.org\/index.php?rest_route=\/wp\/v2\/posts\/1587\/revisions"}],"predecessor-version":[{"id":1598,"href":"https:\/\/lismoiunavenir.org\/index.php?rest_route=\/wp\/v2\/posts\/1587\/revisions\/1598"}],"wp:featuredmedia":[{"embeddable":true,"href":"https:\/\/lismoiunavenir.org\/index.php?rest_route=\/wp\/v2\/media\/1597"}],"wp:attachment":[{"href":"https:\/\/lismoiunavenir.org\/index.php?rest_route=%2Fwp%2Fv2%2Fmedia&parent=1587"}],"wp:term":[{"taxonomy":"category","embeddable":true,"href":"https:\/\/lismoiunavenir.org\/index.php?rest_route=%2Fwp%2Fv2%2Fcategories&post=1587"},{"taxonomy":"post_tag","embeddable":true,"href":"https:\/\/lismoiunavenir.org\/index.php?rest_route=%2Fwp%2Fv2%2Ftags&post=1587"}],"curies":[{"name":"wp","href":"https:\/\/api.w.org\/{rel}","templated":true}]}}