{"id":1582,"date":"2025-06-06T20:42:54","date_gmt":"2025-06-06T20:42:54","guid":{"rendered":"https:\/\/lismoiunavenir.org\/?p=1582"},"modified":"2025-12-18T00:42:13","modified_gmt":"2025-12-18T00:42:13","slug":"un-partenariat-pour-changer-les-regles-la-fondation-rayess-et-the-etoile-foundation-sallient-pour-la-sante-menstruelle-des-jeunes-filles-en-cote-divoire","status":"publish","type":"post","link":"https:\/\/lismoiunavenir.org\/?p=1582","title":{"rendered":"Un partenariat pour changer les r\u00e8gles : La Fondation Rayess et The Etoile Foundation s\u2019allient pour la sant\u00e9 menstruelle des jeunes filles en C\u00f4te d\u2019Ivoire"},"content":{"rendered":"\n<p>Le 28 mai 2025, \u00e0 l\u2019occasion de la <a href=\"https:\/\/lismoiunavenir.org\/?p=1570\" data-type=\"post\" data-id=\"1570\">Journ\u00e9e mondiale de la sant\u00e9 et de l\u2019hygi\u00e8ne menstruelle<\/a>, un pas historique a \u00e9t\u00e9 franchi en C\u00f4te d\u2019Ivoire : The Etoile Foundation et la Fondation Rayess \u2013 Lis Moi Un Avenir ont sign\u00e9 une convention de partenariat strat\u00e9gique, posant les bases d\u2019une collaboration ambitieuse en faveur des droits menstruels, de la sant\u00e9 reproductive et de l\u2019autonomie des jeunes filles et femmes.<\/p>\n\n\n\n<p>Cette signature officielle, port\u00e9e par Ana\u00efs Chambrier, Directrice Afrique de The Etoile Foundation, et Kenza Rayess, Pr\u00e9sidente de la Fondation Rayess, marque une convergence de valeurs et de visions\u202f: celle d\u2019un avenir o\u00f9 les r\u00e8gles ne sont plus un frein, mais un levier d\u2019\u00e9mancipation.<\/p>\n\n\n\n<figure class=\"wp-block-image size-large\"><img fetchpriority=\"high\" decoding=\"async\" width=\"1024\" height=\"683\" src=\"https:\/\/lismoiunavenir.org\/wp-content\/uploads\/2025\/07\/signature-partenariat-fondation-rayess-lis-moi-un-avenir-et-the-etoile-foundation-3-1024x683.jpg\" alt=\"\" class=\"wp-image-1583\" srcset=\"https:\/\/lismoiunavenir.org\/wp-content\/uploads\/2025\/07\/signature-partenariat-fondation-rayess-lis-moi-un-avenir-et-the-etoile-foundation-3-1024x683.jpg 1024w, https:\/\/lismoiunavenir.org\/wp-content\/uploads\/2025\/07\/signature-partenariat-fondation-rayess-lis-moi-un-avenir-et-the-etoile-foundation-3-300x200.jpg 300w, https:\/\/lismoiunavenir.org\/wp-content\/uploads\/2025\/07\/signature-partenariat-fondation-rayess-lis-moi-un-avenir-et-the-etoile-foundation-3-768x512.jpg 768w, https:\/\/lismoiunavenir.org\/wp-content\/uploads\/2025\/07\/signature-partenariat-fondation-rayess-lis-moi-un-avenir-et-the-etoile-foundation-3.jpg 1440w\" sizes=\"(max-width: 1024px) 100vw, 1024px\" \/><\/figure>\n\n\n\n<h2 class=\"wp-block-heading\">Trois objectifs au c\u0153ur du partenariat<\/h2>\n\n\n\n<p>Ce partenariat s\u2019articule autour de trois axes structurants :<\/p>\n\n\n\n<ul class=\"wp-block-list\">\n<li><strong>Sensibiliser et \u00e9duquer \u00e0 la sant\u00e9 menstruelle et reproductive<\/strong> aupr\u00e8s des jeunes b\u00e9n\u00e9ficiaires, en s\u2019appuyant sur des approches p\u00e9dagogiques adapt\u00e9es aux r\u00e9alit\u00e9s locales ;<\/li>\n\n\n\n<li><strong>D\u00e9ployer le Programme \u00c9toile<\/strong> au sein des actions de la Fondation Rayess, notamment \u00e0 travers des ateliers, la distribution de kits durables et un accompagnement psychosocial ;<\/li>\n\n\n\n<li><strong>Co-cr\u00e9er des campagnes de communication \u00e0 fort impact<\/strong>, pour briser les tabous, valoriser la parole des filles, et faire \u00e9voluer les mentalit\u00e9s sur les menstruations.<\/li>\n<\/ul>\n\n\n\n<h3 class=\"wp-block-heading\">Une alliance fond\u00e9e sur l\u2019action et l\u2019\u00e9coute<\/h3>\n\n\n\n<p>Dans un contexte o\u00f9 la pr\u00e9carit\u00e9 menstruelle touche des millions de filles \u00e0 travers l\u2019Afrique de l\u2019Ouest, ce partenariat incarne une volont\u00e9 claire\u202f: rendre la dignit\u00e9 menstruelle accessible \u00e0 toutes. <\/p>\n\n\n\n<p>\u00c0 travers des outils \u00e9ducatifs, un accompagnement de terrain et une strat\u00e9gie de plaidoyer commune, les deux fondations ambitionnent de transformer l\u2019approche soci\u00e9tale sur les r\u00e8gles, en passant du silence \u00e0 l\u2019engagement.<\/p>\n\n\n\n<blockquote class=\"wp-block-quote is-layout-flow wp-block-quote-is-layout-flow\">\n<p>\u201cCe n\u2019est pas seulement une collaboration entre deux structures. C\u2019est un message adress\u00e9 \u00e0 une g\u00e9n\u00e9ration enti\u00e8re : vous m\u00e9ritez mieux.\u201d \u2013 <strong>Ana\u00efs Chambrier<\/strong><\/p>\n<\/blockquote>\n\n\n\n<blockquote class=\"wp-block-quote is-layout-flow wp-block-quote-is-layout-flow\">\n<p>\u201cC\u2019est en unissant nos forces que nous pourrons garantir que chaque fille ait les moyens d\u2019apprendre, de r\u00eaver, et de s\u2019\u00e9panouir \u2013 sans que ses r\u00e8gles ne soient un obstacle.\u201d \u2013 <strong>Kenza Rayess<\/strong><\/p>\n<\/blockquote>\n\n\n\n<h3 class=\"wp-block-heading\">Une vision commune pour l\u2019avenir<\/h3>\n\n\n\n<p>Alors que les donn\u00e9es montrent que 1 fille sur 10 en Afrique subsaharienne manque l\u2019\u00e9cole \u00e0 cause de ses r\u00e8gles (source : UNESCO), les actions conjugu\u00e9es des deux fondations visent \u00e0 transformer ce chiffre en z\u00e9ro entrave, z\u00e9ro tabou.<\/p>\n\n\n\n<p>La signature de cette convention n\u2019est que le d\u00e9but : une premi\u00e8re \u00e9tape vers un changement durable, port\u00e9 par l\u2019\u00e9ducation, la solidarit\u00e9 et l\u2019innovation sociale.<\/p>\n\n\n\n<p>Quand deux fondations s\u2019unissent, c\u2019est toute une g\u00e9n\u00e9ration qui avance.<\/p>\n\n\n\n<p>Et c\u2019est ainsi que le changement commence : par des gestes concrets, une vision partag\u00e9e, et un engagement commun \u00e0 changer les r\u00e8gles.<br><\/p>\n\n\n\n<h3 class=\"wp-block-heading\"><strong>\u00c0 propos de The \u00c9toile Foundation <\/strong><\/h3>\n\n\n\n<p>The \u00c9toile Foundation est une organisation internationale \u00e0 but non lucratif, fond\u00e9e par cinq jeunes femmes engag\u00e9es issues du programme de mentorat Women@Dior x UNESCO. Depuis sa cr\u00e9ation, la Fondation \u0153uvre pour mettre fin \u00e0 la pr\u00e9carit\u00e9 menstruelle \u00e0 travers l\u2019\u00e9ducation, l\u2019acc\u00e8s \u00e0 des protections durables et l\u2019autonomisation des jeunes filles dans le monde.<\/p>\n\n\n\n<p>Pr\u00e9sente sur plusieurs continents, notamment en C\u00f4te d\u2019Ivoire, en France, au Japon et en Australie, The \u00c9toile Foundation m\u00e8ne des actions concr\u00e8tes : ateliers de sensibilisation, distribution de protections r\u00e9utilisables, et lancement d\u2019outils p\u00e9dagogiques accessibles \u00e0 toutes, comme la plateforme multilingue \u00c9toile Learning.<\/p>\n\n\n\n<p>Son approche repose sur des solutions durables, participatives et culturellement adapt\u00e9es, afin de garantir \u00e0 chaque jeune fille le droit fondamental de vivre ses r\u00e8gles avec dignit\u00e9 et de poursuivre sa scolarit\u00e9 sans obstacles.<\/p>\n\n\n\n<p>La Fondation milite activement pour un changement de regard sur les menstruations, et pour l\u2019\u00e9mergence d\u2019un \u00e9cosyst\u00e8me mondial plus \u00e9quitable et inclusif, o\u00f9 chaque femme et chaque fille peut grandir libre, \u00e9duqu\u00e9e et respect\u00e9e.<\/p>\n","protected":false},"excerpt":{"rendered":"<p>Le 28 mai 2025, \u00e0 l\u2019occasion de la Journ\u00e9e mondiale de la sant\u00e9 et de l\u2019hygi\u00e8ne menstruelle, un pas historique a \u00e9t\u00e9 franchi en C\u00f4te d\u2019Ivoire : The Etoile Foundation et la Fondation Rayess \u2013 Lis Moi Un Avenir ont sign\u00e9 une convention de partenariat strat\u00e9gique, posant les bases d\u2019une collaboration ambitieuse en faveur des [&hellip;]<\/p>\n","protected":false},"author":1,"featured_media":1585,"comment_status":"closed","ping_status":"closed","sticky":false,"template":"","format":"standard","meta":{"footnotes":""},"categories":[12,17],"tags":[],"class_list":["post-1582","post","type-post","status-publish","format-standard","has-post-thumbnail","hentry","category-a-la-une","category-partenariats"],"_links":{"self":[{"href":"https:\/\/lismoiunavenir.org\/index.php?rest_route=\/wp\/v2\/posts\/1582","targetHints":{"allow":["GET"]}}],"collection":[{"href":"https:\/\/lismoiunavenir.org\/index.php?rest_route=\/wp\/v2\/posts"}],"about":[{"href":"https:\/\/lismoiunavenir.org\/index.php?rest_route=\/wp\/v2\/types\/post"}],"author":[{"embeddable":true,"href":"https:\/\/lismoiunavenir.org\/index.php?rest_route=\/wp\/v2\/users\/1"}],"replies":[{"embeddable":true,"href":"https:\/\/lismoiunavenir.org\/index.php?rest_route=%2Fwp%2Fv2%2Fcomments&post=1582"}],"version-history":[{"count":2,"href":"https:\/\/lismoiunavenir.org\/index.php?rest_route=\/wp\/v2\/posts\/1582\/revisions"}],"predecessor-version":[{"id":1590,"href":"https:\/\/lismoiunavenir.org\/index.php?rest_route=\/wp\/v2\/posts\/1582\/revisions\/1590"}],"wp:featuredmedia":[{"embeddable":true,"href":"https:\/\/lismoiunavenir.org\/index.php?rest_route=\/wp\/v2\/media\/1585"}],"wp:attachment":[{"href":"https:\/\/lismoiunavenir.org\/index.php?rest_route=%2Fwp%2Fv2%2Fmedia&parent=1582"}],"wp:term":[{"taxonomy":"category","embeddable":true,"href":"https:\/\/lismoiunavenir.org\/index.php?rest_route=%2Fwp%2Fv2%2Fcategories&post=1582"},{"taxonomy":"post_tag","embeddable":true,"href":"https:\/\/lismoiunavenir.org\/index.php?rest_route=%2Fwp%2Fv2%2Ftags&post=1582"}],"curies":[{"name":"wp","href":"https:\/\/api.w.org\/{rel}","templated":true}]}}