{"id":1570,"date":"2025-06-05T18:45:08","date_gmt":"2025-06-05T18:45:08","guid":{"rendered":"https:\/\/lismoiunavenir.org\/?p=1570"},"modified":"2025-12-18T00:41:52","modified_gmt":"2025-12-18T00:41:52","slug":"briser-les-tabous-restaurer-la-dignite-une-action-forte-pour-lhygiene-menstruelle","status":"publish","type":"post","link":"https:\/\/lismoiunavenir.org\/?p=1570","title":{"rendered":"Briser les tabous, restaurer la dignit\u00e9 : une action forte pour l\u2019hygi\u00e8ne menstruelle"},"content":{"rendered":"\n<p>Le 28 mai 2025, \u00e0 l\u2019occasion de la Journ\u00e9e mondiale de la sant\u00e9 et de l\u2019hygi\u00e8ne menstruelle, la Fondation Rayess\u202f\u2013\u202fLis moi un avenir a uni ses forces avec The \u00c9toile Foundation pour organiser un atelier de sensibilisation et de soutien \u00e0 Abidjan. Ensemble, elles se sont engag\u00e9es aupr\u00e8s de 57 jeunes filles, femmes et jeunes m\u00e8res, incarnant ainsi l\u2019id\u00e9e que les r\u00e8gles ne doivent jamais \u00eatre un frein \u00e0 l\u2019\u00e9ducation, \u00e0 la libert\u00e9 ou \u00e0 la dignit\u00e9.<\/p>\n\n\n\n<figure class=\"wp-block-image size-large\"><img fetchpriority=\"high\" decoding=\"async\" width=\"1024\" height=\"537\" src=\"https:\/\/lismoiunavenir.org\/wp-content\/uploads\/2025\/07\/journee-internationale-de-la-sante-menstruelle-fondation-rayess-lis-moi-un-avenir-1-1024x537.jpg\" alt=\"\" class=\"wp-image-1580\" srcset=\"https:\/\/lismoiunavenir.org\/wp-content\/uploads\/2025\/07\/journee-internationale-de-la-sante-menstruelle-fondation-rayess-lis-moi-un-avenir-1-1024x537.jpg 1024w, https:\/\/lismoiunavenir.org\/wp-content\/uploads\/2025\/07\/journee-internationale-de-la-sante-menstruelle-fondation-rayess-lis-moi-un-avenir-1-300x157.jpg 300w, https:\/\/lismoiunavenir.org\/wp-content\/uploads\/2025\/07\/journee-internationale-de-la-sante-menstruelle-fondation-rayess-lis-moi-un-avenir-1-768x403.jpg 768w, https:\/\/lismoiunavenir.org\/wp-content\/uploads\/2025\/07\/journee-internationale-de-la-sante-menstruelle-fondation-rayess-lis-moi-un-avenir-1.jpg 1440w\" sizes=\"(max-width: 1024px) 100vw, 1024px\" \/><\/figure>\n\n\n\n<h3 class=\"wp-block-heading\">Contexte et enjeux en C\u00f4te d\u2019Ivoire<\/h3>\n\n\n\n<p>La pr\u00e9carit\u00e9 menstruelle reste un d\u00e9fi majeur en C\u00f4te d&rsquo;Ivoire\u202f: selon une \u00e9tude du CPDEFM, l&rsquo;acc\u00e8s aux protections est limit\u00e9 pour de nombreuses femmes et filles, particuli\u00e8rement en cas de faible revenu. <\/p>\n\n\n\n<p>Par ailleurs, l\u2019UNESCO estime qu\u2019<strong>une fille sur dix<\/strong> dans la r\u00e9gion subsaharienne manque l\u2019\u00e9cole pendant ses r\u00e8gles, impactant jusqu\u2019\u00e0 <strong>20\u202f% du temps scolaire<\/strong>. <\/p>\n\n\n\n<p>Ces chiffres r\u00e9v\u00e8lent une r\u00e9alit\u00e9 encore trop m\u00e9connue : le manque d\u2019infrastructures, d\u2019informations et de protections contribue \u00e0 l\u2019exclusion sociale et retard scolaire des filles.<\/p>\n\n\n\n<h3 class=\"wp-block-heading\">Un espace d\u2019apprentissage s\u00e9curisant<\/h3>\n\n\n\n<p>Cet \u00e9v\u00e9nement a \u00e9t\u00e9 anim\u00e9 par les \u00e9quipes p\u00e9dagogiques et b\u00e9n\u00e9voles de la Fondation Rayess et de la Fondation Etoile. Il a \u00e9t\u00e9 enrichi d&rsquo;un atelier anim\u00e9 par <strong>Yhere<\/strong> sur la dignit\u00e9 menstruelle. Il s&rsquo;est agit de sensibiliser les b\u00e9n\u00e9ficiaires sur le cycle menstruelle et les bonnes pratiques \u00e0 d\u00e9velopper. Cette activit\u00e9 a eu lieu dans la salle d&rsquo;\u00e9veil, <strong>espace bienveillant<\/strong>, permettant le dialogue ouvert. <\/p>\n\n\n\n<p>Par la suite, un \u00e9change a eu lieu avec un <strong>gyn\u00e9cologue<\/strong>. Le but \u00e9tait de pouvoir r\u00e9pondre aux pr\u00e9occupations des b\u00e9n\u00e9ficiaires et de renforcer les bonnes pratiques avec un oeil m\u00e9dical. <\/p>\n\n\n\n<p>Les participantes ont \u00e9chang\u00e9 ouvertement sur leur exp\u00e9rience, leurs questions et leurs inqui\u00e9tudes, un pas essentiel pour briser les tabous et permettre un dialogue franc et lib\u00e9rateur.<\/p>\n\n\n\n<h3 class=\"wp-block-heading\">Des actions concr\u00e8tes et durables<\/h3>\n\n\n\n<p>Cette journ\u00e9e a \u00e9t\u00e9 l&rsquo;occassion de fournir des kits bien-\u00eatre et alimentaire aux b\u00e9n\u00e9ficiaires. Les kits comprenaient : <\/p>\n\n\n\n<ul class=\"wp-block-list\">\n<li><strong>Kits Bien-\u00eatre<\/strong> incluant des <strong>protections hygi\u00e9niques r\u00e9utilisables<\/strong>, un choix sanitaire et \u00e9cologique. Les protections lavables sont \u00e9conomiques (elles durent plus de 2 ans) et respectueuses de l\u2019environnement. <\/li>\n\n\n\n<li><strong>Kit alimentaire<\/strong>, offet gr\u00e2ce au soutien du <strong>Groupe Carr\u00e9 d\u2019Or<\/strong>, afin d\u2019aborder les enjeux li\u00e9s \u00e0 la nutrition pendant les p\u00e9riodes de menstrues.<\/li>\n<\/ul>\n\n\n\n<h3 class=\"wp-block-heading\">Une rencontre qui a rempli tout ses objectifs<\/h3>\n\n\n\n<p>La journ\u00e9e de sensibilisation a \u00e9t\u00e9 le lieu de : <\/p>\n\n\n\n<ul class=\"wp-block-list\">\n<li><strong>Renforcer les connaissances<\/strong> : fournir une information pr\u00e9cise et accessible sur le cycle menstruel, la gestion hygi\u00e9nique et le consentement.<\/li>\n\n\n\n<li><strong>R\u00e9duire la stigmatisation<\/strong>\u202f: favoriser un environnement o\u00f9 parler des r\u00e8gles est naturel et valoris\u00e9.<\/li>\n\n\n\n<li><strong>Favoriser l\u2019autonomie<\/strong> : distribuer des kits durables pour r\u00e9duire les co\u00fbts r\u00e9currents et renforcer l\u2019\u00e9coresponsabilit\u00e9.<\/li>\n\n\n\n<li><strong>Encourager l\u2019acc\u00e8s aux soins<\/strong> : offrir un moment de consultation gyn\u00e9cologique gratuit et confidentiel.<\/li>\n\n\n\n<li><strong>Cr\u00e9er des solidarit\u00e9s concr\u00e8tes<\/strong> : gr\u00e2ce \u00e0 la dotation alimentaire, pour r\u00e9pondre aux besoins urgents.<\/li>\n<\/ul>\n\n\n\n<h3 class=\"wp-block-heading\">Vers une dignit\u00e9 menstruelle et une meilleure sant\u00e9<\/h3>\n\n\n\n<p>Cette initiative s\u2019inscrit dans une d\u00e9marche globale de justice sociale\u202f: elle vise \u00e0 faire \u00e9merger la sant\u00e9 menstruelle comme un enjeu de sant\u00e9 publique, d\u2019\u00e9ducation et d\u2019\u00e9galit\u00e9 de genre. En d\u00e9mystifiant les r\u00e8gles et en favorisant les protections durables, la Fondation Rayess et The \u00c9toile Foundation contribuent \u00e0 une soci\u00e9t\u00e9 inclusive o\u00f9 chaque fille et femme peut vivre cette p\u00e9riode avec dignit\u00e9.<\/p>\n\n\n\n<p>Nous appelons les institutions, entreprises et organisations \u00e0 s\u2019engager dans cette lutte : <strong>parrainer nos b\u00e9n\u00e9ficiaires et nos projets et programmes<\/strong>, soutenir la sensibilisation, et promouvoir des politiques publiques ambitieuses pour la dignit\u00e9 menstruelle.<\/p>\n\n\n\n<figure class=\"wp-block-gallery has-nested-images columns-default is-cropped wp-block-gallery-1 is-layout-flex wp-block-gallery-is-layout-flex\">\n<figure class=\"wp-block-image size-large\"><img decoding=\"async\" width=\"1024\" height=\"537\" data-id=\"1571\" src=\"https:\/\/lismoiunavenir.org\/wp-content\/uploads\/2025\/07\/journee-internationale-de-la-sante-menstruelle-fondation-rayess-lis-moi-un-avenir-10-1024x537.jpg\" alt=\"\" class=\"wp-image-1571\" srcset=\"https:\/\/lismoiunavenir.org\/wp-content\/uploads\/2025\/07\/journee-internationale-de-la-sante-menstruelle-fondation-rayess-lis-moi-un-avenir-10-1024x537.jpg 1024w, https:\/\/lismoiunavenir.org\/wp-content\/uploads\/2025\/07\/journee-internationale-de-la-sante-menstruelle-fondation-rayess-lis-moi-un-avenir-10-300x157.jpg 300w, https:\/\/lismoiunavenir.org\/wp-content\/uploads\/2025\/07\/journee-internationale-de-la-sante-menstruelle-fondation-rayess-lis-moi-un-avenir-10-768x403.jpg 768w, https:\/\/lismoiunavenir.org\/wp-content\/uploads\/2025\/07\/journee-internationale-de-la-sante-menstruelle-fondation-rayess-lis-moi-un-avenir-10.jpg 1440w\" sizes=\"(max-width: 1024px) 100vw, 1024px\" \/><\/figure>\n\n\n\n<figure class=\"wp-block-image size-large\"><img decoding=\"async\" width=\"1024\" height=\"540\" data-id=\"1579\" src=\"https:\/\/lismoiunavenir.org\/wp-content\/uploads\/2025\/07\/journee-internationale-de-la-sante-menstruelle-fondation-rayess-lis-moi-un-avenir-2-1024x540.jpg\" alt=\"\" class=\"wp-image-1579\" srcset=\"https:\/\/lismoiunavenir.org\/wp-content\/uploads\/2025\/07\/journee-internationale-de-la-sante-menstruelle-fondation-rayess-lis-moi-un-avenir-2-1024x540.jpg 1024w, https:\/\/lismoiunavenir.org\/wp-content\/uploads\/2025\/07\/journee-internationale-de-la-sante-menstruelle-fondation-rayess-lis-moi-un-avenir-2-300x158.jpg 300w, https:\/\/lismoiunavenir.org\/wp-content\/uploads\/2025\/07\/journee-internationale-de-la-sante-menstruelle-fondation-rayess-lis-moi-un-avenir-2-768x405.jpg 768w, https:\/\/lismoiunavenir.org\/wp-content\/uploads\/2025\/07\/journee-internationale-de-la-sante-menstruelle-fondation-rayess-lis-moi-un-avenir-2.jpg 1440w\" sizes=\"(max-width: 1024px) 100vw, 1024px\" \/><\/figure>\n\n\n\n<figure class=\"wp-block-image size-large\"><img loading=\"lazy\" decoding=\"async\" width=\"1024\" height=\"540\" data-id=\"1578\" src=\"https:\/\/lismoiunavenir.org\/wp-content\/uploads\/2025\/07\/journee-internationale-de-la-sante-menstruelle-fondation-rayess-lis-moi-un-avenir-3-1024x540.jpg\" alt=\"\" class=\"wp-image-1578\" srcset=\"https:\/\/lismoiunavenir.org\/wp-content\/uploads\/2025\/07\/journee-internationale-de-la-sante-menstruelle-fondation-rayess-lis-moi-un-avenir-3-1024x540.jpg 1024w, https:\/\/lismoiunavenir.org\/wp-content\/uploads\/2025\/07\/journee-internationale-de-la-sante-menstruelle-fondation-rayess-lis-moi-un-avenir-3-300x158.jpg 300w, https:\/\/lismoiunavenir.org\/wp-content\/uploads\/2025\/07\/journee-internationale-de-la-sante-menstruelle-fondation-rayess-lis-moi-un-avenir-3-768x405.jpg 768w, https:\/\/lismoiunavenir.org\/wp-content\/uploads\/2025\/07\/journee-internationale-de-la-sante-menstruelle-fondation-rayess-lis-moi-un-avenir-3.jpg 1440w\" sizes=\"(max-width: 1024px) 100vw, 1024px\" \/><\/figure>\n\n\n\n<figure class=\"wp-block-image size-large\"><img loading=\"lazy\" decoding=\"async\" width=\"1024\" height=\"538\" data-id=\"1577\" src=\"https:\/\/lismoiunavenir.org\/wp-content\/uploads\/2025\/07\/journee-internationale-de-la-sante-menstruelle-fondation-rayess-lis-moi-un-avenir-4-1024x538.jpg\" alt=\"\" class=\"wp-image-1577\" srcset=\"https:\/\/lismoiunavenir.org\/wp-content\/uploads\/2025\/07\/journee-internationale-de-la-sante-menstruelle-fondation-rayess-lis-moi-un-avenir-4-1024x538.jpg 1024w, https:\/\/lismoiunavenir.org\/wp-content\/uploads\/2025\/07\/journee-internationale-de-la-sante-menstruelle-fondation-rayess-lis-moi-un-avenir-4-300x158.jpg 300w, https:\/\/lismoiunavenir.org\/wp-content\/uploads\/2025\/07\/journee-internationale-de-la-sante-menstruelle-fondation-rayess-lis-moi-un-avenir-4-768x403.jpg 768w, https:\/\/lismoiunavenir.org\/wp-content\/uploads\/2025\/07\/journee-internationale-de-la-sante-menstruelle-fondation-rayess-lis-moi-un-avenir-4.jpg 1440w\" sizes=\"(max-width: 1024px) 100vw, 1024px\" \/><\/figure>\n\n\n\n<figure class=\"wp-block-image size-large\"><img loading=\"lazy\" decoding=\"async\" width=\"1024\" height=\"540\" data-id=\"1576\" src=\"https:\/\/lismoiunavenir.org\/wp-content\/uploads\/2025\/07\/journee-internationale-de-la-sante-menstruelle-fondation-rayess-lis-moi-un-avenir-5-1024x540.jpg\" alt=\"\" class=\"wp-image-1576\" srcset=\"https:\/\/lismoiunavenir.org\/wp-content\/uploads\/2025\/07\/journee-internationale-de-la-sante-menstruelle-fondation-rayess-lis-moi-un-avenir-5-1024x540.jpg 1024w, https:\/\/lismoiunavenir.org\/wp-content\/uploads\/2025\/07\/journee-internationale-de-la-sante-menstruelle-fondation-rayess-lis-moi-un-avenir-5-300x158.jpg 300w, https:\/\/lismoiunavenir.org\/wp-content\/uploads\/2025\/07\/journee-internationale-de-la-sante-menstruelle-fondation-rayess-lis-moi-un-avenir-5-768x405.jpg 768w, https:\/\/lismoiunavenir.org\/wp-content\/uploads\/2025\/07\/journee-internationale-de-la-sante-menstruelle-fondation-rayess-lis-moi-un-avenir-5.jpg 1440w\" sizes=\"(max-width: 1024px) 100vw, 1024px\" \/><\/figure>\n\n\n\n<figure class=\"wp-block-image size-large\"><img loading=\"lazy\" decoding=\"async\" width=\"1024\" height=\"540\" data-id=\"1575\" src=\"https:\/\/lismoiunavenir.org\/wp-content\/uploads\/2025\/07\/journee-internationale-de-la-sante-menstruelle-fondation-rayess-lis-moi-un-avenir-6-1024x540.jpg\" alt=\"\" class=\"wp-image-1575\" srcset=\"https:\/\/lismoiunavenir.org\/wp-content\/uploads\/2025\/07\/journee-internationale-de-la-sante-menstruelle-fondation-rayess-lis-moi-un-avenir-6-1024x540.jpg 1024w, https:\/\/lismoiunavenir.org\/wp-content\/uploads\/2025\/07\/journee-internationale-de-la-sante-menstruelle-fondation-rayess-lis-moi-un-avenir-6-300x158.jpg 300w, https:\/\/lismoiunavenir.org\/wp-content\/uploads\/2025\/07\/journee-internationale-de-la-sante-menstruelle-fondation-rayess-lis-moi-un-avenir-6-768x405.jpg 768w, https:\/\/lismoiunavenir.org\/wp-content\/uploads\/2025\/07\/journee-internationale-de-la-sante-menstruelle-fondation-rayess-lis-moi-un-avenir-6.jpg 1440w\" sizes=\"(max-width: 1024px) 100vw, 1024px\" \/><\/figure>\n\n\n\n<figure class=\"wp-block-image size-large\"><img loading=\"lazy\" decoding=\"async\" width=\"1024\" height=\"540\" data-id=\"1574\" src=\"https:\/\/lismoiunavenir.org\/wp-content\/uploads\/2025\/07\/journee-internationale-de-la-sante-menstruelle-fondation-rayess-lis-moi-un-avenir-7-1024x540.jpg\" alt=\"\" class=\"wp-image-1574\" srcset=\"https:\/\/lismoiunavenir.org\/wp-content\/uploads\/2025\/07\/journee-internationale-de-la-sante-menstruelle-fondation-rayess-lis-moi-un-avenir-7-1024x540.jpg 1024w, https:\/\/lismoiunavenir.org\/wp-content\/uploads\/2025\/07\/journee-internationale-de-la-sante-menstruelle-fondation-rayess-lis-moi-un-avenir-7-300x158.jpg 300w, https:\/\/lismoiunavenir.org\/wp-content\/uploads\/2025\/07\/journee-internationale-de-la-sante-menstruelle-fondation-rayess-lis-moi-un-avenir-7-768x405.jpg 768w, https:\/\/lismoiunavenir.org\/wp-content\/uploads\/2025\/07\/journee-internationale-de-la-sante-menstruelle-fondation-rayess-lis-moi-un-avenir-7.jpg 1440w\" sizes=\"(max-width: 1024px) 100vw, 1024px\" \/><\/figure>\n\n\n\n<figure class=\"wp-block-image size-large\"><img loading=\"lazy\" decoding=\"async\" width=\"1024\" height=\"540\" data-id=\"1573\" src=\"https:\/\/lismoiunavenir.org\/wp-content\/uploads\/2025\/07\/journee-internationale-de-la-sante-menstruelle-fondation-rayess-lis-moi-un-avenir-8-1024x540.jpg\" alt=\"\" class=\"wp-image-1573\" srcset=\"https:\/\/lismoiunavenir.org\/wp-content\/uploads\/2025\/07\/journee-internationale-de-la-sante-menstruelle-fondation-rayess-lis-moi-un-avenir-8-1024x540.jpg 1024w, https:\/\/lismoiunavenir.org\/wp-content\/uploads\/2025\/07\/journee-internationale-de-la-sante-menstruelle-fondation-rayess-lis-moi-un-avenir-8-300x158.jpg 300w, https:\/\/lismoiunavenir.org\/wp-content\/uploads\/2025\/07\/journee-internationale-de-la-sante-menstruelle-fondation-rayess-lis-moi-un-avenir-8-768x405.jpg 768w, https:\/\/lismoiunavenir.org\/wp-content\/uploads\/2025\/07\/journee-internationale-de-la-sante-menstruelle-fondation-rayess-lis-moi-un-avenir-8.jpg 1440w\" sizes=\"(max-width: 1024px) 100vw, 1024px\" \/><\/figure>\n\n\n\n<figure class=\"wp-block-image size-large\"><img loading=\"lazy\" decoding=\"async\" width=\"1024\" height=\"537\" data-id=\"1572\" src=\"https:\/\/lismoiunavenir.org\/wp-content\/uploads\/2025\/07\/journee-internationale-de-la-sante-menstruelle-fondation-rayess-lis-moi-un-avenir-9-1024x537.jpg\" alt=\"\" class=\"wp-image-1572\" srcset=\"https:\/\/lismoiunavenir.org\/wp-content\/uploads\/2025\/07\/journee-internationale-de-la-sante-menstruelle-fondation-rayess-lis-moi-un-avenir-9-1024x537.jpg 1024w, https:\/\/lismoiunavenir.org\/wp-content\/uploads\/2025\/07\/journee-internationale-de-la-sante-menstruelle-fondation-rayess-lis-moi-un-avenir-9-300x157.jpg 300w, https:\/\/lismoiunavenir.org\/wp-content\/uploads\/2025\/07\/journee-internationale-de-la-sante-menstruelle-fondation-rayess-lis-moi-un-avenir-9-768x403.jpg 768w, https:\/\/lismoiunavenir.org\/wp-content\/uploads\/2025\/07\/journee-internationale-de-la-sante-menstruelle-fondation-rayess-lis-moi-un-avenir-9.jpg 1440w\" sizes=\"(max-width: 1024px) 100vw, 1024px\" \/><\/figure>\n<\/figure>\n\n\n\n<h3 class=\"wp-block-heading\"><strong>Une alliance au service de l\u2019impact social<\/strong><br><\/h3>\n\n\n\n<p>Cette initiative s\u2019inscrit dans la continuit\u00e9 de la mission de <strong>The \u00c9toile Foundation<\/strong>, organisation internationale fond\u00e9e par cinq femmes issues du programme Women@Dior x UNESCO, et active en C\u00f4te d\u2019Ivoire, au Japon, en Australie et en France. En une ann\u00e9e seulement, la fondation a touch\u00e9 <strong>plus de 100 jeunes filles en Afrique<\/strong> et lance en 2025 une <strong>plateforme multilingue gratuite d\u00e9di\u00e9e \u00e0 l\u2019\u00e9ducation menstruelle<\/strong>.<\/p>\n\n\n\n<p>De son c\u00f4t\u00e9, la <strong>Fondation Rayess \u2013 Lis Moi Un Avenir<\/strong>, implant\u00e9e \u00e0 Koumassi depuis 2014, \u0153uvre au quotidien pour <strong>l\u2019alphab\u00e9tisation, l\u2019\u00e9ducation et l\u2019autonomisation des filles issues de milieux d\u00e9favoris\u00e9s<\/strong>, \u00e0 travers une <strong>\u00c9cole de la Deuxi\u00e8me Chance<\/strong>, dispensant des programmes de formation et d\u2019apprentissage de m\u00e9tiers, et des activit\u00e9s de sensibilisation aux droits fondamentaux.<\/p>\n\n\n\n<blockquote class=\"wp-block-quote is-layout-flow wp-block-quote-is-layout-flow\">\n<p>\u00ab Notre combat pour l\u2019\u00e9ducation des filles ne peut faire l\u2019impasse sur la sant\u00e9 menstruelle. Tant que les r\u00e8gles seront un frein, nous continuerons \u00e0 agir. \u00bb<br>\u2014 <em>Kenza Rayess<\/em>, Pr\u00e9sidente \u2013 Fondation Nady et Imane Rayess<\/p>\n<\/blockquote>\n\n\n\n<blockquote class=\"wp-block-quote is-layout-flow wp-block-quote-is-layout-flow\">\n<p>\u00ab L\u2019hygi\u00e8ne menstruelle ne devrait jamais \u00eatre un obstacle \u00e0 l\u2019\u00e9ducation ou \u00e0 la confiance en soi. En brisant le silence autour des r\u00e8gles, nous permettons \u00e0 des milliers de jeunes filles d\u2019\u00eatre ma\u00eetresses de leur avenir. \u00bb<br>\u2014 <em>Ana\u00efs Chambrier<\/em>, Directrice Afrique \u2013 The \u00c9toile Foundation<\/p>\n<\/blockquote>\n","protected":false},"excerpt":{"rendered":"<p>Le 28 mai 2025, \u00e0 l\u2019occasion de la Journ\u00e9e mondiale de la sant\u00e9 et de l\u2019hygi\u00e8ne menstruelle, la Fondation Rayess\u202f\u2013\u202fLis moi un avenir a uni ses forces avec The \u00c9toile Foundation pour organiser un atelier de sensibilisation et de soutien \u00e0 Abidjan. Ensemble, elles se sont engag\u00e9es aupr\u00e8s de 57 jeunes filles, femmes et jeunes [&hellip;]<\/p>\n","protected":false},"author":1,"featured_media":1571,"comment_status":"closed","ping_status":"closed","sticky":false,"template":"","format":"standard","meta":{"footnotes":""},"categories":[12,16],"tags":[],"class_list":["post-1570","post","type-post","status-publish","format-standard","has-post-thumbnail","hentry","category-a-la-une","category-sensibilisation"],"_links":{"self":[{"href":"https:\/\/lismoiunavenir.org\/index.php?rest_route=\/wp\/v2\/posts\/1570","targetHints":{"allow":["GET"]}}],"collection":[{"href":"https:\/\/lismoiunavenir.org\/index.php?rest_route=\/wp\/v2\/posts"}],"about":[{"href":"https:\/\/lismoiunavenir.org\/index.php?rest_route=\/wp\/v2\/types\/post"}],"author":[{"embeddable":true,"href":"https:\/\/lismoiunavenir.org\/index.php?rest_route=\/wp\/v2\/users\/1"}],"replies":[{"embeddable":true,"href":"https:\/\/lismoiunavenir.org\/index.php?rest_route=%2Fwp%2Fv2%2Fcomments&post=1570"}],"version-history":[{"count":3,"href":"https:\/\/lismoiunavenir.org\/index.php?rest_route=\/wp\/v2\/posts\/1570\/revisions"}],"predecessor-version":[{"id":1589,"href":"https:\/\/lismoiunavenir.org\/index.php?rest_route=\/wp\/v2\/posts\/1570\/revisions\/1589"}],"wp:featuredmedia":[{"embeddable":true,"href":"https:\/\/lismoiunavenir.org\/index.php?rest_route=\/wp\/v2\/media\/1571"}],"wp:attachment":[{"href":"https:\/\/lismoiunavenir.org\/index.php?rest_route=%2Fwp%2Fv2%2Fmedia&parent=1570"}],"wp:term":[{"taxonomy":"category","embeddable":true,"href":"https:\/\/lismoiunavenir.org\/index.php?rest_route=%2Fwp%2Fv2%2Fcategories&post=1570"},{"taxonomy":"post_tag","embeddable":true,"href":"https:\/\/lismoiunavenir.org\/index.php?rest_route=%2Fwp%2Fv2%2Ftags&post=1570"}],"curies":[{"name":"wp","href":"https:\/\/api.w.org\/{rel}","templated":true}]}}