{"id":1548,"date":"2025-05-27T15:12:23","date_gmt":"2025-05-27T15:12:23","guid":{"rendered":"https:\/\/lismoiunavenir.org\/?p=1548"},"modified":"2025-05-27T15:12:23","modified_gmt":"2025-05-27T15:12:23","slug":"et-si-leducation-etait-notre-plus-belle-forme-de-resistance","status":"publish","type":"post","link":"https:\/\/lismoiunavenir.org\/?p=1548","title":{"rendered":"Et si l\u2019\u00e9ducation \u00e9tait notre plus belle forme de r\u00e9sistance ?"},"content":{"rendered":"\n<figure class=\"wp-block-image size-large\"><img fetchpriority=\"high\" decoding=\"async\" width=\"1024\" height=\"682\" src=\"https:\/\/lismoiunavenir.org\/wp-content\/uploads\/2025\/05\/fondation-lis-moi-un-avenir-rencontre-commission-femmes-entrepreneures-ccilci-4-1024x682.jpeg\" alt=\"\" class=\"wp-image-1551\" srcset=\"https:\/\/lismoiunavenir.org\/wp-content\/uploads\/2025\/05\/fondation-lis-moi-un-avenir-rencontre-commission-femmes-entrepreneures-ccilci-4-1024x682.jpeg 1024w, https:\/\/lismoiunavenir.org\/wp-content\/uploads\/2025\/05\/fondation-lis-moi-un-avenir-rencontre-commission-femmes-entrepreneures-ccilci-4-300x200.jpeg 300w, https:\/\/lismoiunavenir.org\/wp-content\/uploads\/2025\/05\/fondation-lis-moi-un-avenir-rencontre-commission-femmes-entrepreneures-ccilci-4-768x512.jpeg 768w, https:\/\/lismoiunavenir.org\/wp-content\/uploads\/2025\/05\/fondation-lis-moi-un-avenir-rencontre-commission-femmes-entrepreneures-ccilci-4-1536x1023.jpeg 1536w, https:\/\/lismoiunavenir.org\/wp-content\/uploads\/2025\/05\/fondation-lis-moi-un-avenir-rencontre-commission-femmes-entrepreneures-ccilci-4.jpeg 1600w\" sizes=\"(max-width: 1024px) 100vw, 1024px\" \/><\/figure>\n\n\n\n<h3 class=\"wp-block-heading\">Une rencontre engag\u00e9e entre la Fondation Rayess et la Commission Femmes Entrepreneures de la CCILCI pour faire germer l\u2019espoir<\/h3>\n\n\n\n<p>Jeudi 22 mai 2025, un d\u00e9jeuner pas comme les autres s\u2019est tenu \u00e0 Abidjan. Un moment suspendu, intense, o\u00f9 les voix se sont \u00e9lev\u00e9es non pas pour parler plus fort, mais pour parler vrai. Autour de la table : des femmes d\u00e9termin\u00e9es, des alli\u00e9s engag\u00e9es, et une conviction partag\u00e9e \u2013 l\u2019\u00e9ducation des filles et des femmes est une urgence, un devoir, une forme de r\u00e9sistance.<\/p>\n\n\n\n<p>La <strong>Chambre de Commerce et d\u2019Industrie Libanaise de C\u00f4te d\u2019Ivoire (CCILCI)<\/strong>, par l\u2019interm\u00e9diaire de sa <strong>Commission Femmes Entrepreneures<\/strong> pr\u00e9sid\u00e9e par <strong>Christine Devanlay<\/strong>, a r\u00e9uni ses membres autour d\u2019un d\u00e9jeuner inspirant d\u00e9di\u00e9 \u00e0 l\u2019<strong>engagement f\u00e9minin<\/strong>. Une rencontre marqu\u00e9e par la pr\u00e9sence exceptionnelle de <strong>S.E. Madame Magida Karaki<\/strong>, Charg\u00e9e d\u2019Affaires de l\u2019Ambassade du Liban, de <strong>Monsieur Serge AKL<\/strong>, Directeur G\u00e9n\u00e9ral de la CCILCI, et de <strong>Madame Anne Cernejeski<\/strong>, Directrice du d\u00e9veloppement chez <strong>RMO<\/strong>, entreprise membre de la Chambre.<\/p>\n\n\n\n<h3 class=\"wp-block-heading\">Une fondation, un combat : alphab\u00e9tiser pour lib\u00e9rer<\/h3>\n\n\n\n<p>Au c\u0153ur de cette rencontre : <strong>la Fondation Lis Moi Un Avenir \u2013 RAYESS<\/strong>, repr\u00e9sent\u00e9e par sa pr\u00e9sidente Kenza Rayess et sa coordinatrice de projet Isabelle Zongo. L\u2019occasion pour elles de <strong>partager leur combat quotidien<\/strong> pour l\u2019alphab\u00e9tisation et l\u2019autonomisation des jeunes filles de Koumassi, et d\u2019exposer les actions concr\u00e8tes men\u00e9es par l&rsquo;<strong>\u00c9cole de la Deuxi\u00e8me Chance<\/strong> : un espace gratuit o\u00f9 se construisent les fondations d\u2019un avenir meilleur, loin du silence et de l\u2019invisibilit\u00e9.<\/p>\n\n\n\n<p>Madame Rayess a rappel\u00e9 que <strong>\u201c\u00eatre instruit, c\u2019est \u00eatre libre\u201d<\/strong>, et que chaque femme \u00e9duqu\u00e9e devient une actrice du changement, un maillon fort dans la cha\u00eene de transformation de la soci\u00e9t\u00e9.<\/p>\n\n\n\n<h3 class=\"wp-block-heading\">Une main tendue vers l\u2019impact<\/h3>\n\n\n\n<p>Ce d\u00e9jeuner n\u2019a pas seulement \u00e9t\u00e9 un moment de discussion. Il a \u00e9t\u00e9 <strong>un acte d\u2019engagement concret<\/strong>. \u00c0 travers la voix de ses repr\u00e9sentants, la CCILCI a exprim\u00e9 son souhait <strong>d\u2019accompagner la Fondation<\/strong> dans ses projets, notamment par des <strong>actions RSE notamment pour la formation et l\u2019insertion professionnelle<\/strong>. <\/p>\n\n\n\n<p>Le <strong>Groupe RMO<\/strong>, par l\u2019interm\u00e9diaire d\u2019Anne Cernejeski, a confirm\u00e9 son <strong>soutien actif<\/strong> aux actions de la fondation, illustrant la pertinence d\u2019un partenariat entre entreprises responsables et initiatives sociales \u00e0 fort impact.<\/p>\n\n\n\n<h3 class=\"wp-block-heading\">Ensemble, semer l\u2019avenir<\/h3>\n\n\n\n<blockquote class=\"wp-block-quote is-layout-flow wp-block-quote-is-layout-flow\">\n<p>\u201cCe jour-l\u00e0, nous n\u2019avons pas seulement \u00e9chang\u00e9. Nous avons sem\u00e9. Et nous continuerons de faire pousser des chemins d\u2019espoir.\u201d<\/p>\n<\/blockquote>\n\n\n\n<p>Ces mots, port\u00e9s par l\u2019\u00e9quipe de la Fondation Rayess, r\u00e9sument l\u2019essence m\u00eame de cette rencontre : <strong>faire germer des possibles<\/strong>, cr\u00e9er des ponts entre les mondes \u00e9conomique et social, et surtout, faire rayonner une vision commune d\u2019un monde plus \u00e9quitable, o\u00f9 chaque jeune fille a le droit de r\u00eaver, d\u2019apprendre et de r\u00e9ussir.<\/p>\n\n\n\n<figure class=\"wp-block-gallery has-nested-images columns-default is-cropped wp-block-gallery-1 is-layout-flex wp-block-gallery-is-layout-flex\">\n<figure class=\"wp-block-image size-large\"><img decoding=\"async\" width=\"1024\" height=\"977\" data-id=\"1550\" src=\"https:\/\/lismoiunavenir.org\/wp-content\/uploads\/2025\/05\/fondation-lis-moi-un-avenir-rencontre-commission-femmes-entrepreneures-ccilci-5-1024x977.jpeg\" alt=\"\" class=\"wp-image-1550\" srcset=\"https:\/\/lismoiunavenir.org\/wp-content\/uploads\/2025\/05\/fondation-lis-moi-un-avenir-rencontre-commission-femmes-entrepreneures-ccilci-5-1024x977.jpeg 1024w, https:\/\/lismoiunavenir.org\/wp-content\/uploads\/2025\/05\/fondation-lis-moi-un-avenir-rencontre-commission-femmes-entrepreneures-ccilci-5-300x286.jpeg 300w, https:\/\/lismoiunavenir.org\/wp-content\/uploads\/2025\/05\/fondation-lis-moi-un-avenir-rencontre-commission-femmes-entrepreneures-ccilci-5-768x733.jpeg 768w, https:\/\/lismoiunavenir.org\/wp-content\/uploads\/2025\/05\/fondation-lis-moi-un-avenir-rencontre-commission-femmes-entrepreneures-ccilci-5-1536x1466.jpeg 1536w, https:\/\/lismoiunavenir.org\/wp-content\/uploads\/2025\/05\/fondation-lis-moi-un-avenir-rencontre-commission-femmes-entrepreneures-ccilci-5.jpeg 1600w\" sizes=\"(max-width: 1024px) 100vw, 1024px\" \/><\/figure>\n\n\n\n<figure class=\"wp-block-image size-large\"><img decoding=\"async\" width=\"1024\" height=\"682\" data-id=\"1549\" src=\"https:\/\/lismoiunavenir.org\/wp-content\/uploads\/2025\/05\/fondation-lis-moi-un-avenir-rencontre-commission-femmes-entrepreneures-ccilci-6-1024x682.jpeg\" alt=\"\" class=\"wp-image-1549\" srcset=\"https:\/\/lismoiunavenir.org\/wp-content\/uploads\/2025\/05\/fondation-lis-moi-un-avenir-rencontre-commission-femmes-entrepreneures-ccilci-6-1024x682.jpeg 1024w, https:\/\/lismoiunavenir.org\/wp-content\/uploads\/2025\/05\/fondation-lis-moi-un-avenir-rencontre-commission-femmes-entrepreneures-ccilci-6-300x200.jpeg 300w, https:\/\/lismoiunavenir.org\/wp-content\/uploads\/2025\/05\/fondation-lis-moi-un-avenir-rencontre-commission-femmes-entrepreneures-ccilci-6-768x512.jpeg 768w, https:\/\/lismoiunavenir.org\/wp-content\/uploads\/2025\/05\/fondation-lis-moi-un-avenir-rencontre-commission-femmes-entrepreneures-ccilci-6-1536x1023.jpeg 1536w, https:\/\/lismoiunavenir.org\/wp-content\/uploads\/2025\/05\/fondation-lis-moi-un-avenir-rencontre-commission-femmes-entrepreneures-ccilci-6.jpeg 1600w\" sizes=\"(max-width: 1024px) 100vw, 1024px\" \/><\/figure>\n\n\n\n<figure class=\"wp-block-image size-large\"><img loading=\"lazy\" decoding=\"async\" width=\"1024\" height=\"682\" data-id=\"1554\" src=\"https:\/\/lismoiunavenir.org\/wp-content\/uploads\/2025\/05\/fondation-lis-moi-un-avenir-rencontre-commission-femmes-entrepreneures-ccilci-1-1024x682.jpeg\" alt=\"\" class=\"wp-image-1554\" srcset=\"https:\/\/lismoiunavenir.org\/wp-content\/uploads\/2025\/05\/fondation-lis-moi-un-avenir-rencontre-commission-femmes-entrepreneures-ccilci-1-1024x682.jpeg 1024w, https:\/\/lismoiunavenir.org\/wp-content\/uploads\/2025\/05\/fondation-lis-moi-un-avenir-rencontre-commission-femmes-entrepreneures-ccilci-1-300x200.jpeg 300w, https:\/\/lismoiunavenir.org\/wp-content\/uploads\/2025\/05\/fondation-lis-moi-un-avenir-rencontre-commission-femmes-entrepreneures-ccilci-1-768x512.jpeg 768w, https:\/\/lismoiunavenir.org\/wp-content\/uploads\/2025\/05\/fondation-lis-moi-un-avenir-rencontre-commission-femmes-entrepreneures-ccilci-1-1536x1023.jpeg 1536w, https:\/\/lismoiunavenir.org\/wp-content\/uploads\/2025\/05\/fondation-lis-moi-un-avenir-rencontre-commission-femmes-entrepreneures-ccilci-1.jpeg 1600w\" sizes=\"(max-width: 1024px) 100vw, 1024px\" \/><\/figure>\n\n\n\n<figure class=\"wp-block-image size-large\"><img loading=\"lazy\" decoding=\"async\" width=\"1024\" height=\"682\" data-id=\"1551\" src=\"https:\/\/lismoiunavenir.org\/wp-content\/uploads\/2025\/05\/fondation-lis-moi-un-avenir-rencontre-commission-femmes-entrepreneures-ccilci-4-1024x682.jpeg\" alt=\"\" class=\"wp-image-1551\" srcset=\"https:\/\/lismoiunavenir.org\/wp-content\/uploads\/2025\/05\/fondation-lis-moi-un-avenir-rencontre-commission-femmes-entrepreneures-ccilci-4-1024x682.jpeg 1024w, https:\/\/lismoiunavenir.org\/wp-content\/uploads\/2025\/05\/fondation-lis-moi-un-avenir-rencontre-commission-femmes-entrepreneures-ccilci-4-300x200.jpeg 300w, https:\/\/lismoiunavenir.org\/wp-content\/uploads\/2025\/05\/fondation-lis-moi-un-avenir-rencontre-commission-femmes-entrepreneures-ccilci-4-768x512.jpeg 768w, https:\/\/lismoiunavenir.org\/wp-content\/uploads\/2025\/05\/fondation-lis-moi-un-avenir-rencontre-commission-femmes-entrepreneures-ccilci-4-1536x1023.jpeg 1536w, https:\/\/lismoiunavenir.org\/wp-content\/uploads\/2025\/05\/fondation-lis-moi-un-avenir-rencontre-commission-femmes-entrepreneures-ccilci-4.jpeg 1600w\" sizes=\"(max-width: 1024px) 100vw, 1024px\" \/><\/figure>\n<\/figure>\n\n\n\n<h3 class=\"wp-block-heading\">Sororit\u00e9, engagement, transformation<\/h3>\n\n\n\n<p>Au-del\u00e0 des discours, cette rencontre incarne une volont\u00e9 d\u2019agir ensemble, d\u2019ouvrir des voies durables vers l\u2019inclusion, le leadership f\u00e9minin et la justice sociale. Elle montre que les entreprises, les institutions et les associations peuvent s\u2019unir pour construire des solutions concr\u00e8tes, humaines, durables.<\/p>\n\n\n\n<p>Parce que l\u2019avenir se construit \u00e0 plusieurs mains, et que celles qui \u00e9crivent les plus beaux r\u00e9cits sont souvent celles qui ont os\u00e9 croire en l\u2019impossible.<\/p>\n","protected":false},"excerpt":{"rendered":"<p>Une rencontre engag\u00e9e entre la Fondation Rayess et la Commission Femmes Entrepreneures de la CCILCI pour faire germer l\u2019espoir Jeudi 22 mai 2025, un d\u00e9jeuner pas comme les autres s\u2019est tenu \u00e0 Abidjan. Un moment suspendu, intense, o\u00f9 les voix se sont \u00e9lev\u00e9es non pas pour parler plus fort, mais pour parler vrai. Autour de [&hellip;]<\/p>\n","protected":false},"author":1,"featured_media":1553,"comment_status":"closed","ping_status":"closed","sticky":false,"template":"","format":"standard","meta":{"footnotes":""},"categories":[12,18,17,16],"tags":[],"class_list":["post-1548","post","type-post","status-publish","format-standard","has-post-thumbnail","hentry","category-a-la-une","category-ecosyteme","category-partenariats","category-sensibilisation"],"_links":{"self":[{"href":"https:\/\/lismoiunavenir.org\/index.php?rest_route=\/wp\/v2\/posts\/1548","targetHints":{"allow":["GET"]}}],"collection":[{"href":"https:\/\/lismoiunavenir.org\/index.php?rest_route=\/wp\/v2\/posts"}],"about":[{"href":"https:\/\/lismoiunavenir.org\/index.php?rest_route=\/wp\/v2\/types\/post"}],"author":[{"embeddable":true,"href":"https:\/\/lismoiunavenir.org\/index.php?rest_route=\/wp\/v2\/users\/1"}],"replies":[{"embeddable":true,"href":"https:\/\/lismoiunavenir.org\/index.php?rest_route=%2Fwp%2Fv2%2Fcomments&post=1548"}],"version-history":[{"count":1,"href":"https:\/\/lismoiunavenir.org\/index.php?rest_route=\/wp\/v2\/posts\/1548\/revisions"}],"predecessor-version":[{"id":1555,"href":"https:\/\/lismoiunavenir.org\/index.php?rest_route=\/wp\/v2\/posts\/1548\/revisions\/1555"}],"wp:featuredmedia":[{"embeddable":true,"href":"https:\/\/lismoiunavenir.org\/index.php?rest_route=\/wp\/v2\/media\/1553"}],"wp:attachment":[{"href":"https:\/\/lismoiunavenir.org\/index.php?rest_route=%2Fwp%2Fv2%2Fmedia&parent=1548"}],"wp:term":[{"taxonomy":"category","embeddable":true,"href":"https:\/\/lismoiunavenir.org\/index.php?rest_route=%2Fwp%2Fv2%2Fcategories&post=1548"},{"taxonomy":"post_tag","embeddable":true,"href":"https:\/\/lismoiunavenir.org\/index.php?rest_route=%2Fwp%2Fv2%2Ftags&post=1548"}],"curies":[{"name":"wp","href":"https:\/\/api.w.org\/{rel}","templated":true}]}}