{"id":1530,"date":"2025-05-27T14:54:43","date_gmt":"2025-05-27T14:54:43","guid":{"rendered":"https:\/\/lismoiunavenir.org\/?p=1530"},"modified":"2025-05-27T14:54:43","modified_gmt":"2025-05-27T14:54:43","slug":"quand-le-monde-economique-soutient-leducation-et-lautonomisation-des-femmes-la-ccilci-en-visite-a-la-fondation-rayess-lis-moi-un-avenir","status":"publish","type":"post","link":"https:\/\/lismoiunavenir.org\/?p=1530","title":{"rendered":"Quand le monde \u00e9conomique soutient l\u2019\u00e9ducation et l&rsquo;autonomisation des femmes : la CCILCI en visite \u00e0 la Fondation Rayess \u2013 Lis Moi Un Avenir"},"content":{"rendered":"\n<figure class=\"wp-block-image size-large\"><img fetchpriority=\"high\" decoding=\"async\" width=\"1024\" height=\"455\" src=\"https:\/\/lismoiunavenir.org\/wp-content\/uploads\/2025\/05\/fondation-lis-moi-un-avenir-rencontre-ccil-ci-1-1024x455.jpeg\" alt=\"\" class=\"wp-image-1531\" srcset=\"https:\/\/lismoiunavenir.org\/wp-content\/uploads\/2025\/05\/fondation-lis-moi-un-avenir-rencontre-ccil-ci-1-1024x455.jpeg 1024w, https:\/\/lismoiunavenir.org\/wp-content\/uploads\/2025\/05\/fondation-lis-moi-un-avenir-rencontre-ccil-ci-1-300x133.jpeg 300w, https:\/\/lismoiunavenir.org\/wp-content\/uploads\/2025\/05\/fondation-lis-moi-un-avenir-rencontre-ccil-ci-1-768x341.jpeg 768w, https:\/\/lismoiunavenir.org\/wp-content\/uploads\/2025\/05\/fondation-lis-moi-un-avenir-rencontre-ccil-ci-1.jpeg 1080w\" sizes=\"(max-width: 1024px) 100vw, 1024px\" \/><\/figure>\n\n\n\n<h3 class=\"wp-block-heading\">Une rencontre prometteuse entre engagement social et dynamisme entrepreneurial<\/h3>\n\n\n\n<p>Le mardi 13 mai restera une date marquante dans le parcours de la <strong>Fondation Rayess \u2013 Lis Moi Un Avenir<\/strong>. En effet, la <strong>Chambre de Commerce et d\u2019Industrie Libanaise de C\u00f4te d\u2019Ivoire (CCILCI)<\/strong> a honor\u00e9 de sa visite l\u2019\u00e9cole de la Deuxi\u00e8me Chance, situ\u00e9e au c\u0153ur de Koumassi, renfor\u00e7ant ainsi les liens entre secteur priv\u00e9 et acteurs sociaux.<\/p>\n\n\n\n<p>Accueillie par <strong>Mme Kenza Rayess<\/strong>, pr\u00e9sidente de la fondation, et <strong>Mme Isabelle Zongo<\/strong>, coordinatrice de projet, la d\u00e9l\u00e9gation de la CCILCI a pu d\u00e9couvrir de pr\u00e8s le fonctionnement de ce lieu unique d\u00e9di\u00e9 \u00e0 l\u2019<strong>alphab\u00e9tisation<\/strong> et \u00e0 l\u2019<strong>autonomisation des jeunes filles<\/strong> issues de milieux vuln\u00e9rables.<\/p>\n\n\n\n<figure class=\"wp-block-image size-large\"><img decoding=\"async\" width=\"768\" height=\"1024\" src=\"https:\/\/lismoiunavenir.org\/wp-content\/uploads\/2025\/05\/fondation-lis-moi-un-avenir-rencontre-ccil-ci-2-768x1024.jpeg\" alt=\"\" class=\"wp-image-1537\" srcset=\"https:\/\/lismoiunavenir.org\/wp-content\/uploads\/2025\/05\/fondation-lis-moi-un-avenir-rencontre-ccil-ci-2-768x1024.jpeg 768w, https:\/\/lismoiunavenir.org\/wp-content\/uploads\/2025\/05\/fondation-lis-moi-un-avenir-rencontre-ccil-ci-2-225x300.jpeg 225w, https:\/\/lismoiunavenir.org\/wp-content\/uploads\/2025\/05\/fondation-lis-moi-un-avenir-rencontre-ccil-ci-2.jpeg 960w\" sizes=\"(max-width: 768px) 100vw, 768px\" \/><\/figure>\n\n\n\n<h3 class=\"wp-block-heading\">L\u2019\u00e9ducation comme levier de transformation<\/h3>\n\n\n\n<p>La visite de l\u2019\u00e9cole a permis aux membres de la CCILCI de comprendre l\u2019impact concret de cette initiative sur le terrain. Loin des discours, la fondation agit chaque jour pour offrir une seconde chance \u00e0 celles que le syst\u00e8me scolaire a laiss\u00e9es de c\u00f4t\u00e9. Lecture, \u00e9criture, formation professionnelle\u2026 chaque apprentissage devient ici un pas vers la dignit\u00e9, l\u2019ind\u00e9pendance et un avenir meilleur.<\/p>\n\n\n\n<p>Cette rencontre fut aussi l\u2019occasion de <strong>dialoguer autour des enjeux d\u2019insertion socio-\u00e9conomique<\/strong>, de la place des femmes dans le tissu productif ivoirien, et du r\u00f4le que peut jouer le secteur priv\u00e9 dans l\u2019acc\u00e9l\u00e9ration de l\u2019impact social.<\/p>\n\n\n\n<h3 class=\"wp-block-heading\">Une volont\u00e9 commune de b\u00e2tir des ponts<\/h3>\n\n\n\n<p>Pour la CCILCI, cette visite a confirm\u00e9 l\u2019importance de <strong>soutenir des projets porteurs de transformation sociale<\/strong>. Elle t\u00e9moigne \u00e9galement de l\u2019int\u00e9r\u00eat croissant du monde \u00e9conomique libanais pour les initiatives \u00e0 fort impact local notamment dans leur logique d&rsquo;engagement dans la RSE. Comme l\u2019a soulign\u00e9 la d\u00e9l\u00e9gation, de futures <strong>collaborations sont \u00e0 envisager<\/strong>, notamment dans l\u2019appui \u00e0 la formation, au financement de projets g\u00e9n\u00e9rateurs de revenus, ou \u00e0 la sensibilisation \u00e0 l\u2019entrepreneuriat f\u00e9minin.<\/p>\n\n\n\n<figure class=\"wp-block-gallery has-nested-images columns-default is-cropped wp-block-gallery-1 is-layout-flex wp-block-gallery-is-layout-flex\">\n<figure class=\"wp-block-image size-large\"><img decoding=\"async\" width=\"768\" height=\"1024\" data-id=\"1536\" src=\"https:\/\/lismoiunavenir.org\/wp-content\/uploads\/2025\/05\/fondation-lis-moi-un-avenir-rencontre-ccil-ci-7-768x1024.jpeg\" alt=\"\" class=\"wp-image-1536\" srcset=\"https:\/\/lismoiunavenir.org\/wp-content\/uploads\/2025\/05\/fondation-lis-moi-un-avenir-rencontre-ccil-ci-7-768x1024.jpeg 768w, https:\/\/lismoiunavenir.org\/wp-content\/uploads\/2025\/05\/fondation-lis-moi-un-avenir-rencontre-ccil-ci-7-225x300.jpeg 225w, https:\/\/lismoiunavenir.org\/wp-content\/uploads\/2025\/05\/fondation-lis-moi-un-avenir-rencontre-ccil-ci-7-1152x1536.jpeg 1152w, https:\/\/lismoiunavenir.org\/wp-content\/uploads\/2025\/05\/fondation-lis-moi-un-avenir-rencontre-ccil-ci-7.jpeg 1280w\" sizes=\"(max-width: 768px) 100vw, 768px\" \/><\/figure>\n\n\n\n<figure class=\"wp-block-image size-large\"><img loading=\"lazy\" decoding=\"async\" width=\"768\" height=\"1024\" data-id=\"1535\" src=\"https:\/\/lismoiunavenir.org\/wp-content\/uploads\/2025\/05\/fondation-lis-moi-un-avenir-rencontre-ccil-ci-6-768x1024.jpeg\" alt=\"\" class=\"wp-image-1535\" srcset=\"https:\/\/lismoiunavenir.org\/wp-content\/uploads\/2025\/05\/fondation-lis-moi-un-avenir-rencontre-ccil-ci-6-768x1024.jpeg 768w, https:\/\/lismoiunavenir.org\/wp-content\/uploads\/2025\/05\/fondation-lis-moi-un-avenir-rencontre-ccil-ci-6-225x300.jpeg 225w, https:\/\/lismoiunavenir.org\/wp-content\/uploads\/2025\/05\/fondation-lis-moi-un-avenir-rencontre-ccil-ci-6-1152x1536.jpeg 1152w, https:\/\/lismoiunavenir.org\/wp-content\/uploads\/2025\/05\/fondation-lis-moi-un-avenir-rencontre-ccil-ci-6.jpeg 1280w\" sizes=\"(max-width: 768px) 100vw, 768px\" \/><\/figure>\n\n\n\n<figure class=\"wp-block-image size-large\"><img loading=\"lazy\" decoding=\"async\" width=\"1024\" height=\"683\" data-id=\"1532\" src=\"https:\/\/lismoiunavenir.org\/wp-content\/uploads\/2025\/05\/fondation-lis-moi-un-avenir-rencontre-ccil-ci-5-1024x683.jpeg\" alt=\"\" class=\"wp-image-1532\" srcset=\"https:\/\/lismoiunavenir.org\/wp-content\/uploads\/2025\/05\/fondation-lis-moi-un-avenir-rencontre-ccil-ci-5-1024x683.jpeg 1024w, https:\/\/lismoiunavenir.org\/wp-content\/uploads\/2025\/05\/fondation-lis-moi-un-avenir-rencontre-ccil-ci-5-300x200.jpeg 300w, https:\/\/lismoiunavenir.org\/wp-content\/uploads\/2025\/05\/fondation-lis-moi-un-avenir-rencontre-ccil-ci-5-768x512.jpeg 768w, https:\/\/lismoiunavenir.org\/wp-content\/uploads\/2025\/05\/fondation-lis-moi-un-avenir-rencontre-ccil-ci-5.jpeg 1080w\" sizes=\"(max-width: 1024px) 100vw, 1024px\" \/><\/figure>\n\n\n\n<figure class=\"wp-block-image size-large\"><img loading=\"lazy\" decoding=\"async\" width=\"768\" height=\"1024\" data-id=\"1534\" src=\"https:\/\/lismoiunavenir.org\/wp-content\/uploads\/2025\/05\/fondation-lis-moi-un-avenir-rencontre-ccil-ci-4-768x1024.jpeg\" alt=\"\" class=\"wp-image-1534\" srcset=\"https:\/\/lismoiunavenir.org\/wp-content\/uploads\/2025\/05\/fondation-lis-moi-un-avenir-rencontre-ccil-ci-4-768x1024.jpeg 768w, https:\/\/lismoiunavenir.org\/wp-content\/uploads\/2025\/05\/fondation-lis-moi-un-avenir-rencontre-ccil-ci-4-225x300.jpeg 225w, https:\/\/lismoiunavenir.org\/wp-content\/uploads\/2025\/05\/fondation-lis-moi-un-avenir-rencontre-ccil-ci-4-1152x1536.jpeg 1152w, https:\/\/lismoiunavenir.org\/wp-content\/uploads\/2025\/05\/fondation-lis-moi-un-avenir-rencontre-ccil-ci-4.jpeg 1280w\" sizes=\"(max-width: 768px) 100vw, 768px\" \/><\/figure>\n\n\n\n<figure class=\"wp-block-image size-large\"><img loading=\"lazy\" decoding=\"async\" width=\"1024\" height=\"531\" data-id=\"1533\" src=\"https:\/\/lismoiunavenir.org\/wp-content\/uploads\/2025\/05\/fondation-lis-moi-un-avenir-rencontre-ccil-ci-3-1024x531.jpeg\" alt=\"\" class=\"wp-image-1533\" srcset=\"https:\/\/lismoiunavenir.org\/wp-content\/uploads\/2025\/05\/fondation-lis-moi-un-avenir-rencontre-ccil-ci-3-1024x531.jpeg 1024w, https:\/\/lismoiunavenir.org\/wp-content\/uploads\/2025\/05\/fondation-lis-moi-un-avenir-rencontre-ccil-ci-3-300x156.jpeg 300w, https:\/\/lismoiunavenir.org\/wp-content\/uploads\/2025\/05\/fondation-lis-moi-un-avenir-rencontre-ccil-ci-3-768x398.jpeg 768w, https:\/\/lismoiunavenir.org\/wp-content\/uploads\/2025\/05\/fondation-lis-moi-un-avenir-rencontre-ccil-ci-3.jpeg 1080w\" sizes=\"(max-width: 1024px) 100vw, 1024px\" \/><\/figure>\n<\/figure>\n\n\n\n<h3 class=\"wp-block-heading\">Vers une alliance durable<\/h3>\n\n\n\n<p>\u00c0 travers ce moment d\u2019\u00e9change, la <strong>Fondation Rayess<\/strong> r\u00e9affirme sa mission : faire de l\u2019\u00e9ducation un outil de changement. Le soutien de structures comme la <strong>CCILCI<\/strong> est non seulement pr\u00e9cieux, mais essentiel pour faire grandir cette ambition. Ensemble, elles dessinent un avenir plus inclusif, plus \u00e9quitable, et profond\u00e9ment enracin\u00e9 dans les r\u00e9alit\u00e9s de Koumassi.<\/p>\n\n\n\n<p>Comme le r\u00e9sume si bien Mme Rayess : <em>\u00ab Quand les acteurs \u00e9conomiques et sociaux unissent leurs forces, les possibles s\u2019\u00e9largissent. Nous sommes impatientes de construire, ensemble, un avenir plus lumineux pour nos jeunes filles. \u00bb<\/em><\/p>\n\n\n\n<p><\/p>\n","protected":false},"excerpt":{"rendered":"<p>Une rencontre prometteuse entre engagement social et dynamisme entrepreneurial Le mardi 13 mai restera une date marquante dans le parcours de la Fondation Rayess \u2013 Lis Moi Un Avenir. En effet, la Chambre de Commerce et d\u2019Industrie Libanaise de C\u00f4te d\u2019Ivoire (CCILCI) a honor\u00e9 de sa visite l\u2019\u00e9cole de la Deuxi\u00e8me Chance, situ\u00e9e au c\u0153ur [&hellip;]<\/p>\n","protected":false},"author":1,"featured_media":1537,"comment_status":"closed","ping_status":"closed","sticky":false,"template":"","format":"standard","meta":{"footnotes":""},"categories":[12,14,18,15,17],"tags":[],"class_list":["post-1530","post","type-post","status-publish","format-standard","has-post-thumbnail","hentry","category-a-la-une","category-alphabetisation","category-ecosyteme","category-formation","category-partenariats"],"_links":{"self":[{"href":"https:\/\/lismoiunavenir.org\/index.php?rest_route=\/wp\/v2\/posts\/1530","targetHints":{"allow":["GET"]}}],"collection":[{"href":"https:\/\/lismoiunavenir.org\/index.php?rest_route=\/wp\/v2\/posts"}],"about":[{"href":"https:\/\/lismoiunavenir.org\/index.php?rest_route=\/wp\/v2\/types\/post"}],"author":[{"embeddable":true,"href":"https:\/\/lismoiunavenir.org\/index.php?rest_route=\/wp\/v2\/users\/1"}],"replies":[{"embeddable":true,"href":"https:\/\/lismoiunavenir.org\/index.php?rest_route=%2Fwp%2Fv2%2Fcomments&post=1530"}],"version-history":[{"count":2,"href":"https:\/\/lismoiunavenir.org\/index.php?rest_route=\/wp\/v2\/posts\/1530\/revisions"}],"predecessor-version":[{"id":1547,"href":"https:\/\/lismoiunavenir.org\/index.php?rest_route=\/wp\/v2\/posts\/1530\/revisions\/1547"}],"wp:featuredmedia":[{"embeddable":true,"href":"https:\/\/lismoiunavenir.org\/index.php?rest_route=\/wp\/v2\/media\/1537"}],"wp:attachment":[{"href":"https:\/\/lismoiunavenir.org\/index.php?rest_route=%2Fwp%2Fv2%2Fmedia&parent=1530"}],"wp:term":[{"taxonomy":"category","embeddable":true,"href":"https:\/\/lismoiunavenir.org\/index.php?rest_route=%2Fwp%2Fv2%2Fcategories&post=1530"},{"taxonomy":"post_tag","embeddable":true,"href":"https:\/\/lismoiunavenir.org\/index.php?rest_route=%2Fwp%2Fv2%2Ftags&post=1530"}],"curies":[{"name":"wp","href":"https:\/\/api.w.org\/{rel}","templated":true}]}}