{"id":1528,"date":"2025-05-27T14:51:19","date_gmt":"2025-05-27T14:51:19","guid":{"rendered":"https:\/\/lismoiunavenir.org\/?p=1528"},"modified":"2025-05-27T14:51:19","modified_gmt":"2025-05-27T14:51:19","slug":"un-arbre-un-avenir-lunion-libanaise-culturelle-mondiale-sengage-pour-la-reforestation-a-koumassi","status":"publish","type":"post","link":"https:\/\/lismoiunavenir.org\/?p=1528","title":{"rendered":"Un arbre, un avenir : l\u2019Union Libanaise Culturelle Mondiale s\u2019engage pour la reforestation \u00e0 Koumassi"},"content":{"rendered":"\n<figure class=\"wp-block-image size-large\"><img fetchpriority=\"high\" decoding=\"async\" width=\"768\" height=\"1024\" src=\"https:\/\/lismoiunavenir.org\/wp-content\/uploads\/2025\/05\/fondation-lis-moi-un-avenir-planting-ulcm-3-768x1024.jpeg\" alt=\"\" class=\"wp-image-1543\" srcset=\"https:\/\/lismoiunavenir.org\/wp-content\/uploads\/2025\/05\/fondation-lis-moi-un-avenir-planting-ulcm-3-768x1024.jpeg 768w, https:\/\/lismoiunavenir.org\/wp-content\/uploads\/2025\/05\/fondation-lis-moi-un-avenir-planting-ulcm-3-225x300.jpeg 225w, https:\/\/lismoiunavenir.org\/wp-content\/uploads\/2025\/05\/fondation-lis-moi-un-avenir-planting-ulcm-3.jpeg 810w\" sizes=\"(max-width: 768px) 100vw, 768px\" \/><\/figure>\n\n\n\n<h3 class=\"wp-block-heading\">Une action symbolique \u00e0 fort impact \u00e0 la Fondation Rayess \u2013 Lis Moi Un Avenir<\/h3>\n\n\n\n<p>Dans un contexte mondial marqu\u00e9 par le changement climatique et la d\u00e9gradation continue des \u00e9cosyst\u00e8mes, chaque initiative en faveur de l\u2019environnement compte. C\u2019est dans cette dynamique que l\u2019Union Libanaise Culturelle Mondiale (ULCM), section Abidjan, a organis\u00e9 une op\u00e9ration de planting d\u2019arbres \u00e0 la Fondation Rayess \u2013 Lis Moi Un Avenir, situ\u00e9e dans la commune de Koumassi.<\/p>\n\n\n\n<p>Loin d\u2019\u00eatre un geste isol\u00e9, cette action s\u2019inscrit dans le cadre d\u2019un vaste engagement pour la restauration des for\u00eats en C\u00f4te d\u2019Ivoire, pays qui a perdu plus de 90 % de sa couverture foresti\u00e8re en un si\u00e8cle. En plantant des arbres dans les espaces \u00e9ducatifs et communautaires, l\u2019ULCM souhaite \u00e9veiller les consciences \u00e0 l\u2019importance de la nature, tout en posant des actes concrets de r\u00e9g\u00e9n\u00e9ration \u00e9cologique.<\/p>\n\n\n\n<h3 class=\"wp-block-heading\">Un projet \u00e0 la crois\u00e9e de l\u2019environnement, de l\u2019\u00e9ducation et de la solidarit\u00e9<\/h3>\n\n\n\n<p>C\u2019est dans l\u2019enceinte m\u00eame de l\u2019\u00e9cole de la deuxi\u00e8me chance, port\u00e9e par la Fondation Rayess, que cette action a pris vie. La fondation accueille des jeunes filles et femmes issues de milieux pr\u00e9caires, leur offrant des formations en alphab\u00e9tisation et l&rsquo;apprentissage \u00e0 des m\u00e9tiers. Le choix de ce lieu n\u2019est pas anodin : en reverdissant les abords de cet espace d\u2019apprentissage et d\u2019autonomisation, l\u2019ULCM veut symboliser la croissance, la r\u00e9silience et l\u2019avenir.<\/p>\n\n\n\n<p>Lors de cette journ\u00e9e verte, un arbre a \u00e9t\u00e9 mis en terre, accompagn\u00e9 de messages de sensibilisation \u00e0 la protection de l\u2019environnement. Ce fut aussi un moment de partage culturel et interg\u00e9n\u00e9rationnel, o\u00f9 traditions libanaises et valeurs ivoiriennes se sont rejointes autour d\u2019un objectif commun : b\u00e2tir un monde plus durable.<\/p>\n\n\n\n<h3 class=\"wp-block-heading\">Une alliance f\u00e9conde pour le futur<\/h3>\n\n\n\n<p>La collaboration entre la Fondation Rayess \u2013 Lis Moi Un Avenir et l\u2019Union Libanaise Culturelle Mondiale est un exemple inspirant de coop\u00e9ration entre acteurs de la diaspora et initiatives locales. En mettant en synergie leurs ressources, leurs r\u00e9seaux et leur vision, ces deux entit\u00e9s d\u00e9montrent que la transition \u00e9cologique peut (et doit) aller de pair avec la justice sociale.<\/p>\n\n\n\n<p>Ce geste, simple en apparence, prend une dimension profonde : chaque arbre plant\u00e9 devient un symbole d\u2019espoir pour les g\u00e9n\u00e9rations futures, un acte de foi envers la plan\u00e8te et un engagement pour l\u2019\u00e9ducation comme levier de changement durable.<\/p>\n\n\n\n<figure class=\"wp-block-gallery has-nested-images columns-default is-cropped wp-block-gallery-1 is-layout-flex wp-block-gallery-is-layout-flex\">\n<figure class=\"wp-block-image size-large\"><img decoding=\"async\" width=\"1024\" height=\"768\" data-id=\"1545\" src=\"https:\/\/lismoiunavenir.org\/wp-content\/uploads\/2025\/05\/fondation-lis-moi-un-avenir-planting-ulcm-1-1024x768.jpeg\" alt=\"\" class=\"wp-image-1545\" srcset=\"https:\/\/lismoiunavenir.org\/wp-content\/uploads\/2025\/05\/fondation-lis-moi-un-avenir-planting-ulcm-1-1024x768.jpeg 1024w, https:\/\/lismoiunavenir.org\/wp-content\/uploads\/2025\/05\/fondation-lis-moi-un-avenir-planting-ulcm-1-300x225.jpeg 300w, https:\/\/lismoiunavenir.org\/wp-content\/uploads\/2025\/05\/fondation-lis-moi-un-avenir-planting-ulcm-1-768x576.jpeg 768w, https:\/\/lismoiunavenir.org\/wp-content\/uploads\/2025\/05\/fondation-lis-moi-un-avenir-planting-ulcm-1.jpeg 1080w\" sizes=\"(max-width: 1024px) 100vw, 1024px\" \/><\/figure>\n\n\n\n<figure class=\"wp-block-image size-large\"><img decoding=\"async\" width=\"768\" height=\"1024\" data-id=\"1544\" src=\"https:\/\/lismoiunavenir.org\/wp-content\/uploads\/2025\/05\/fondation-lis-moi-un-avenir-planting-ulcm-2-768x1024.jpeg\" alt=\"\" class=\"wp-image-1544\" srcset=\"https:\/\/lismoiunavenir.org\/wp-content\/uploads\/2025\/05\/fondation-lis-moi-un-avenir-planting-ulcm-2-768x1024.jpeg 768w, https:\/\/lismoiunavenir.org\/wp-content\/uploads\/2025\/05\/fondation-lis-moi-un-avenir-planting-ulcm-2-225x300.jpeg 225w, https:\/\/lismoiunavenir.org\/wp-content\/uploads\/2025\/05\/fondation-lis-moi-un-avenir-planting-ulcm-2.jpeg 810w\" sizes=\"(max-width: 768px) 100vw, 768px\" \/><\/figure>\n\n\n\n<figure class=\"wp-block-image size-large\"><img loading=\"lazy\" decoding=\"async\" width=\"1024\" height=\"768\" data-id=\"1542\" src=\"https:\/\/lismoiunavenir.org\/wp-content\/uploads\/2025\/05\/fondation-lis-moi-un-avenir-planting-ulcm-4-1024x768.jpeg\" alt=\"\" class=\"wp-image-1542\" srcset=\"https:\/\/lismoiunavenir.org\/wp-content\/uploads\/2025\/05\/fondation-lis-moi-un-avenir-planting-ulcm-4-1024x768.jpeg 1024w, https:\/\/lismoiunavenir.org\/wp-content\/uploads\/2025\/05\/fondation-lis-moi-un-avenir-planting-ulcm-4-300x225.jpeg 300w, https:\/\/lismoiunavenir.org\/wp-content\/uploads\/2025\/05\/fondation-lis-moi-un-avenir-planting-ulcm-4-768x576.jpeg 768w, https:\/\/lismoiunavenir.org\/wp-content\/uploads\/2025\/05\/fondation-lis-moi-un-avenir-planting-ulcm-4.jpeg 1080w\" sizes=\"(max-width: 1024px) 100vw, 1024px\" \/><\/figure>\n\n\n\n<figure class=\"wp-block-image size-large\"><img loading=\"lazy\" decoding=\"async\" width=\"1024\" height=\"768\" data-id=\"1541\" src=\"https:\/\/lismoiunavenir.org\/wp-content\/uploads\/2025\/05\/fondation-lis-moi-un-avenir-planting-ulcm-5-1024x768.jpeg\" alt=\"\" class=\"wp-image-1541\" srcset=\"https:\/\/lismoiunavenir.org\/wp-content\/uploads\/2025\/05\/fondation-lis-moi-un-avenir-planting-ulcm-5-1024x768.jpeg 1024w, https:\/\/lismoiunavenir.org\/wp-content\/uploads\/2025\/05\/fondation-lis-moi-un-avenir-planting-ulcm-5-300x225.jpeg 300w, https:\/\/lismoiunavenir.org\/wp-content\/uploads\/2025\/05\/fondation-lis-moi-un-avenir-planting-ulcm-5-768x576.jpeg 768w, https:\/\/lismoiunavenir.org\/wp-content\/uploads\/2025\/05\/fondation-lis-moi-un-avenir-planting-ulcm-5.jpeg 1080w\" sizes=\"(max-width: 1024px) 100vw, 1024px\" \/><\/figure>\n<\/figure>\n\n\n\n<h3 class=\"wp-block-heading\">Une graine \u00e0 faire germer partout<\/h3>\n\n\n\n<p>L\u2019ULCM, fid\u00e8le \u00e0 sa mission de transmission culturelle et de solidarit\u00e9, entend r\u00e9pliquer ce type d\u2019initiatives dans d\u2019autres quartiers d\u2019Abidjan et au-del\u00e0. Car planter un arbre, c\u2019est aussi planter les racines d\u2019une communaut\u00e9 plus consciente, plus responsable, et plus unie.<\/p>\n\n\n\n<p>La Fondation Rayess, quant \u00e0 elle, est profondemment ancr\u00e9 dans ces valeurs pour avoir d\u00e9j\u00e0 organis\u00e9 des activit\u00e9s de planting avec ses b\u00e9n\u00e9ficiaires dans les ann\u00e9es pr\u00e9c\u00e9dentes. <\/p>\n","protected":false},"excerpt":{"rendered":"<p>Une action symbolique \u00e0 fort impact \u00e0 la Fondation Rayess \u2013 Lis Moi Un Avenir Dans un contexte mondial marqu\u00e9 par le changement climatique et la d\u00e9gradation continue des \u00e9cosyst\u00e8mes, chaque initiative en faveur de l\u2019environnement compte. C\u2019est dans cette dynamique que l\u2019Union Libanaise Culturelle Mondiale (ULCM), section Abidjan, a organis\u00e9 une op\u00e9ration de planting [&hellip;]<\/p>\n","protected":false},"author":1,"featured_media":1545,"comment_status":"closed","ping_status":"closed","sticky":false,"template":"","format":"standard","meta":{"footnotes":""},"categories":[12,18,21],"tags":[],"class_list":["post-1528","post","type-post","status-publish","format-standard","has-post-thumbnail","hentry","category-a-la-une","category-ecosyteme","category-planting"],"_links":{"self":[{"href":"https:\/\/lismoiunavenir.org\/index.php?rest_route=\/wp\/v2\/posts\/1528","targetHints":{"allow":["GET"]}}],"collection":[{"href":"https:\/\/lismoiunavenir.org\/index.php?rest_route=\/wp\/v2\/posts"}],"about":[{"href":"https:\/\/lismoiunavenir.org\/index.php?rest_route=\/wp\/v2\/types\/post"}],"author":[{"embeddable":true,"href":"https:\/\/lismoiunavenir.org\/index.php?rest_route=\/wp\/v2\/users\/1"}],"replies":[{"embeddable":true,"href":"https:\/\/lismoiunavenir.org\/index.php?rest_route=%2Fwp%2Fv2%2Fcomments&post=1528"}],"version-history":[{"count":2,"href":"https:\/\/lismoiunavenir.org\/index.php?rest_route=\/wp\/v2\/posts\/1528\/revisions"}],"predecessor-version":[{"id":1546,"href":"https:\/\/lismoiunavenir.org\/index.php?rest_route=\/wp\/v2\/posts\/1528\/revisions\/1546"}],"wp:featuredmedia":[{"embeddable":true,"href":"https:\/\/lismoiunavenir.org\/index.php?rest_route=\/wp\/v2\/media\/1545"}],"wp:attachment":[{"href":"https:\/\/lismoiunavenir.org\/index.php?rest_route=%2Fwp%2Fv2%2Fmedia&parent=1528"}],"wp:term":[{"taxonomy":"category","embeddable":true,"href":"https:\/\/lismoiunavenir.org\/index.php?rest_route=%2Fwp%2Fv2%2Fcategories&post=1528"},{"taxonomy":"post_tag","embeddable":true,"href":"https:\/\/lismoiunavenir.org\/index.php?rest_route=%2Fwp%2Fv2%2Ftags&post=1528"}],"curies":[{"name":"wp","href":"https:\/\/api.w.org\/{rel}","templated":true}]}}