{"id":1523,"date":"2025-05-27T14:44:56","date_gmt":"2025-05-27T14:44:56","guid":{"rendered":"https:\/\/lismoiunavenir.org\/?p=1523"},"modified":"2025-05-27T14:44:56","modified_gmt":"2025-05-27T14:44:56","slug":"visite-du-maire-de-koumassi-a-la-fondation-lis-moi-un-avenir","status":"publish","type":"post","link":"https:\/\/lismoiunavenir.org\/?p=1523","title":{"rendered":"Visite du Maire de Koumassi \u00e0 la Fondation Lis moi un avenir"},"content":{"rendered":"\n<p>Le 13 novembre 2024, la Fondation Rayess &#8211; Lis moi un avenir a re\u00e7u la visite de Monsieur Narcisse Balley, Maire de la commune de Koumassi.<\/p>\n\n\n\n<figure class=\"wp-block-image size-large\"><img fetchpriority=\"high\" decoding=\"async\" width=\"1024\" height=\"682\" src=\"https:\/\/lismoiunavenir.org\/wp-content\/uploads\/2025\/05\/fondation-lis-moi-un-avenir-visite-du-maire-de-koumassi-1-1024x682.jpeg\" alt=\"\" class=\"wp-image-1525\" srcset=\"https:\/\/lismoiunavenir.org\/wp-content\/uploads\/2025\/05\/fondation-lis-moi-un-avenir-visite-du-maire-de-koumassi-1-1024x682.jpeg 1024w, https:\/\/lismoiunavenir.org\/wp-content\/uploads\/2025\/05\/fondation-lis-moi-un-avenir-visite-du-maire-de-koumassi-1-300x200.jpeg 300w, https:\/\/lismoiunavenir.org\/wp-content\/uploads\/2025\/05\/fondation-lis-moi-un-avenir-visite-du-maire-de-koumassi-1-768x512.jpeg 768w, https:\/\/lismoiunavenir.org\/wp-content\/uploads\/2025\/05\/fondation-lis-moi-un-avenir-visite-du-maire-de-koumassi-1.jpeg 1280w\" sizes=\"(max-width: 1024px) 100vw, 1024px\" \/><\/figure>\n\n\n\n<p>La visite du maire de Koumassi, Monsieur Narcisse Balley, accompagn\u00e9 de son \u00e9quipe, a \u00e9t\u00e9 l&rsquo;occasion de renforcer les liens entre la mairie et la fondation. Le maire a exprim\u00e9 son soutien ind\u00e9fectible \u00e0 ce projet, soulignant l&rsquo;importance de l&rsquo;\u00e9ducation et de la formation professionnelle pour les jeunes filles et les femmes issues de milieux d\u00e9favoris\u00e9s. <\/p>\n\n\n\n<p>L&rsquo;\u00e9cole de la deuxi\u00e8me chance, situ\u00e9e \u00e0 Koumassi 05, accueille des jeunes filles d\u00e9favoris\u00e9es et femmes vuln\u00e9rables, leur proposant des cours d\u2019alphab\u00e9tisation et des formations \u00e0 des m\u00e9tiers tels que la coiffure, la couture et l\u2019informatique, facilitant ainsi leur insertion professionnelle. <\/p>\n\n\n\n<p>Cette rencontre, riche en \u00e9changes, a permis de renforcer la vision commune de la mairie et de la fondation : offrir un avenir meilleur aux jeunes filles et femmes issues de milieux d\u00e9favoris\u00e9s, gr\u00e2ce \u00e0 l\u2019\u00e9ducation et l\u2019apprentissage d\u2019un m\u00e9tier.<\/p>\n\n\n\n<p>Kenza Rayess, Pr\u00e9sidente de la Fondation a indiqu\u00e9 : \u00ab\u00a0Je tiens \u00e0 exprimer ma profonde gratitude \u00e0 Monsieur Narcisse Balley pour son soutien ind\u00e9fectible et l\u2019attention particuli\u00e8re qu\u2019il accorde \u00e0 ce projet. Un immense merci \u00e9galement \u00e0 Madame Traor\u00e9 Salimata, adjointe au maire, pour sa pr\u00e9sence et son engagement en faveur de cette initiative. Leur accompagnement est un moteur essentiel pour la r\u00e9ussite de notre mission.\u00a0\u00bb<\/p>\n","protected":false},"excerpt":{"rendered":"<p>Le 13 novembre 2024, la Fondation Rayess &#8211; Lis moi un avenir a re\u00e7u la visite de Monsieur Narcisse Balley, Maire de la commune de Koumassi. La visite du maire de Koumassi, Monsieur Narcisse Balley, accompagn\u00e9 de son \u00e9quipe, a \u00e9t\u00e9 l&rsquo;occasion de renforcer les liens entre la mairie et la fondation. Le maire a [&hellip;]<\/p>\n","protected":false},"author":1,"featured_media":1526,"comment_status":"closed","ping_status":"closed","sticky":false,"template":"","format":"standard","meta":{"footnotes":""},"categories":[12,14,18,13,15,17,16],"tags":[],"class_list":["post-1523","post","type-post","status-publish","format-standard","has-post-thumbnail","hentry","category-a-la-une","category-alphabetisation","category-ecosyteme","category-education","category-formation","category-partenariats","category-sensibilisation"],"_links":{"self":[{"href":"https:\/\/lismoiunavenir.org\/index.php?rest_route=\/wp\/v2\/posts\/1523","targetHints":{"allow":["GET"]}}],"collection":[{"href":"https:\/\/lismoiunavenir.org\/index.php?rest_route=\/wp\/v2\/posts"}],"about":[{"href":"https:\/\/lismoiunavenir.org\/index.php?rest_route=\/wp\/v2\/types\/post"}],"author":[{"embeddable":true,"href":"https:\/\/lismoiunavenir.org\/index.php?rest_route=\/wp\/v2\/users\/1"}],"replies":[{"embeddable":true,"href":"https:\/\/lismoiunavenir.org\/index.php?rest_route=%2Fwp%2Fv2%2Fcomments&post=1523"}],"version-history":[{"count":2,"href":"https:\/\/lismoiunavenir.org\/index.php?rest_route=\/wp\/v2\/posts\/1523\/revisions"}],"predecessor-version":[{"id":1540,"href":"https:\/\/lismoiunavenir.org\/index.php?rest_route=\/wp\/v2\/posts\/1523\/revisions\/1540"}],"wp:featuredmedia":[{"embeddable":true,"href":"https:\/\/lismoiunavenir.org\/index.php?rest_route=\/wp\/v2\/media\/1526"}],"wp:attachment":[{"href":"https:\/\/lismoiunavenir.org\/index.php?rest_route=%2Fwp%2Fv2%2Fmedia&parent=1523"}],"wp:term":[{"taxonomy":"category","embeddable":true,"href":"https:\/\/lismoiunavenir.org\/index.php?rest_route=%2Fwp%2Fv2%2Fcategories&post=1523"},{"taxonomy":"post_tag","embeddable":true,"href":"https:\/\/lismoiunavenir.org\/index.php?rest_route=%2Fwp%2Fv2%2Ftags&post=1523"}],"curies":[{"name":"wp","href":"https:\/\/api.w.org\/{rel}","templated":true}]}}