{"id":1451,"date":"2025-05-14T21:51:00","date_gmt":"2025-05-14T21:51:00","guid":{"rendered":"https:\/\/lismoiunavenir.org\/?p=1451"},"modified":"2025-05-14T21:51:00","modified_gmt":"2025-05-14T21:51:00","slug":"mission-de-benevolat-en-gestion-de-bibliotheque","status":"publish","type":"post","link":"https:\/\/lismoiunavenir.org\/?p=1451","title":{"rendered":"Mission de b\u00e9n\u00e9volat en gestion de biblioth\u00e8que"},"content":{"rendered":"\n<p>La <strong>Fondation Rayess &#8211; Lis Moi Un Avenir<\/strong>, bas\u00e9e \u00e0 Koumassi, recherche un(e) <strong>b\u00e9n\u00e9vole biblioth\u00e9caire<\/strong> pour une mission de tri, d\u2019organisation et de gestion des livres de sa biblioth\u00e8que.<\/p>\n\n\n\n<figure class=\"wp-block-image size-large\"><img fetchpriority=\"high\" decoding=\"async\" width=\"1024\" height=\"683\" src=\"https:\/\/lismoiunavenir.org\/wp-content\/uploads\/2025\/05\/pexels-tima-miroshnichenko-6549371-1024x683.jpg\" alt=\"\" class=\"wp-image-1452\" srcset=\"https:\/\/lismoiunavenir.org\/wp-content\/uploads\/2025\/05\/pexels-tima-miroshnichenko-6549371-1024x683.jpg 1024w, https:\/\/lismoiunavenir.org\/wp-content\/uploads\/2025\/05\/pexels-tima-miroshnichenko-6549371-300x200.jpg 300w, https:\/\/lismoiunavenir.org\/wp-content\/uploads\/2025\/05\/pexels-tima-miroshnichenko-6549371-768x512.jpg 768w, https:\/\/lismoiunavenir.org\/wp-content\/uploads\/2025\/05\/pexels-tima-miroshnichenko-6549371-1536x1024.jpg 1536w, https:\/\/lismoiunavenir.org\/wp-content\/uploads\/2025\/05\/pexels-tima-miroshnichenko-6549371-2048x1365.jpg 2048w\" sizes=\"(max-width: 1024px) 100vw, 1024px\" \/><\/figure>\n\n\n\n<h3 class=\"wp-block-heading\"><strong>MISSIONS &amp; ACTIVIT\u00c9S<\/strong><\/h3>\n\n\n\n<p>Sous la responsabilit\u00e9 de la Direction Ex\u00e9cutive, le\/la b\u00e9n\u00e9vole aura pour mission de <strong>nettoyer, trier, r\u00e9f\u00e9rencer et organiser les ouvrages<\/strong> destin\u00e9s \u00e0 la biblioth\u00e8que de l\u2019\u00c9cole de la Deuxi\u00e8me Chance.<\/p>\n\n\n\n<p>L\u2019objectif est de mettre en place une biblioth\u00e8que fonctionnelle et agr\u00e9able, facilitant l\u2019acc\u00e8s des jeunes filles et femmes b\u00e9n\u00e9ficiaires aux ressources p\u00e9dagogiques et culturelles.<\/p>\n\n\n\n<h3 class=\"wp-block-heading\"><strong>ACTIVIT\u00c9S PRINCIPALES<\/strong><\/h3>\n\n\n\n<ul class=\"wp-block-list\">\n<li><strong>Nettoyer et trier<\/strong> les ouvrages en fonction de leur \u00e9tat et de leur cat\u00e9gorie.<\/li>\n\n\n\n<li><strong>Plastifier<\/strong> les livres pour assurer leur durabilit\u00e9.<\/li>\n\n\n\n<li><strong>Num\u00e9roter<\/strong> les ouvrages selon une codification \u00e9tablie.<\/li>\n\n\n\n<li><strong>Enregistrer<\/strong> chaque ouvrage dans un <strong>fichier Excel de suivi<\/strong> (titre, auteur, cat\u00e9gorie, num\u00e9ro d\u2019inventaire).<\/li>\n\n\n\n<li><strong>Ranger et organiser<\/strong> les livres dans les rayonnages de la biblioth\u00e8que selon une classification simple et accessible.<\/li>\n<\/ul>\n\n\n\n<h3 class=\"wp-block-heading\"><strong>COMP\u00c9TENCES RECHERCH\u00c9ES<\/strong><\/h3>\n\n\n\n<ul class=\"wp-block-list\">\n<li>Rigueur, m\u00e9thode et sens de l\u2019organisation.<\/li>\n\n\n\n<li>Connaissances de base en gestion de biblioth\u00e8que ou documentation (un plus).<\/li>\n\n\n\n<li>Ma\u00eetrise des outils bureautiques, notamment Excel.<\/li>\n\n\n\n<li>Aisance dans le travail en \u00e9quipe et bon relationnel.<\/li>\n\n\n\n<li>Patience et minutie dans la r\u00e9alisation de t\u00e2ches r\u00e9p\u00e9titives.<\/li>\n\n\n\n<li>Int\u00e9r\u00eat pour l\u2019\u00e9ducation, la culture et la promotion de la lecture.<\/li>\n<\/ul>\n\n\n\n<h3 class=\"wp-block-heading\"><strong>LIEU DE MISSION<\/strong><\/h3>\n\n\n\n<p>Si\u00e8ge de la <strong>Fondation Lis Moi Un Avenir<\/strong>, Koumassi, Quartier 5, Abidjan.<\/p>\n\n\n\n<h3 class=\"wp-block-heading\"><strong>TEMPS DE PR\u00c9SENCE DEMAND\u00c9<\/strong><\/h3>\n\n\n\n<ul class=\"wp-block-list\">\n<li>Dix (10) journ\u00e9es r\u00e9parties selon disponibilit\u00e9 convenue.<\/li>\n\n\n\n<li>Offre valable jusqu&rsquo;au 31 ao\u00fbt 2025<\/li>\n<\/ul>\n\n\n\n<h3 class=\"wp-block-heading\"><strong>INFORMATIONS COMPL\u00c9MENTAIRES<\/strong><\/h3>\n\n\n\n<p>Le mat\u00e9riel pour r\u00e9aliser la mission sera mis \u00e0 disposition du b\u00e9n\u00e9vole.<\/p>\n\n\n\n<h3 class=\"wp-block-heading\"><strong>CONTACT<\/strong><\/h3>\n\n\n\n<p>Si vous \u00eates int\u00e9ress\u00e9(e) par cette mission, merci de :<\/p>\n\n\n\n<ul class=\"wp-block-list\">\n<li>consulter notre <a href=\"https:\/\/lismoiunavenir.org\/?page_id=969\">charte des b\u00e9n\u00e9voles<\/a> <\/li>\n\n\n\n<li>adresser votre candidature \u00e0 l\u2019adresse suivante : contact@lismoiunavenir.org<\/li>\n<\/ul>\n","protected":false},"excerpt":{"rendered":"<p>La Fondation Rayess &#8211; Lis Moi Un Avenir, bas\u00e9e \u00e0 Koumassi, recherche un(e) b\u00e9n\u00e9vole biblioth\u00e9caire pour une mission de tri, d\u2019organisation et de gestion des livres de sa biblioth\u00e8que. MISSIONS &amp; ACTIVIT\u00c9S Sous la responsabilit\u00e9 de la Direction Ex\u00e9cutive, le\/la b\u00e9n\u00e9vole aura pour mission de nettoyer, trier, r\u00e9f\u00e9rencer et organiser les ouvrages destin\u00e9s \u00e0 la [&hellip;]<\/p>\n","protected":false},"author":1,"featured_media":1452,"comment_status":"closed","ping_status":"closed","sticky":false,"template":"","format":"standard","meta":{"footnotes":""},"categories":[12,11],"tags":[],"class_list":["post-1451","post","type-post","status-publish","format-standard","has-post-thumbnail","hentry","category-a-la-une","category-benevolat"],"_links":{"self":[{"href":"https:\/\/lismoiunavenir.org\/index.php?rest_route=\/wp\/v2\/posts\/1451","targetHints":{"allow":["GET"]}}],"collection":[{"href":"https:\/\/lismoiunavenir.org\/index.php?rest_route=\/wp\/v2\/posts"}],"about":[{"href":"https:\/\/lismoiunavenir.org\/index.php?rest_route=\/wp\/v2\/types\/post"}],"author":[{"embeddable":true,"href":"https:\/\/lismoiunavenir.org\/index.php?rest_route=\/wp\/v2\/users\/1"}],"replies":[{"embeddable":true,"href":"https:\/\/lismoiunavenir.org\/index.php?rest_route=%2Fwp%2Fv2%2Fcomments&post=1451"}],"version-history":[{"count":1,"href":"https:\/\/lismoiunavenir.org\/index.php?rest_route=\/wp\/v2\/posts\/1451\/revisions"}],"predecessor-version":[{"id":1453,"href":"https:\/\/lismoiunavenir.org\/index.php?rest_route=\/wp\/v2\/posts\/1451\/revisions\/1453"}],"wp:featuredmedia":[{"embeddable":true,"href":"https:\/\/lismoiunavenir.org\/index.php?rest_route=\/wp\/v2\/media\/1452"}],"wp:attachment":[{"href":"https:\/\/lismoiunavenir.org\/index.php?rest_route=%2Fwp%2Fv2%2Fmedia&parent=1451"}],"wp:term":[{"taxonomy":"category","embeddable":true,"href":"https:\/\/lismoiunavenir.org\/index.php?rest_route=%2Fwp%2Fv2%2Fcategories&post=1451"},{"taxonomy":"post_tag","embeddable":true,"href":"https:\/\/lismoiunavenir.org\/index.php?rest_route=%2Fwp%2Fv2%2Ftags&post=1451"}],"curies":[{"name":"wp","href":"https:\/\/api.w.org\/{rel}","templated":true}]}}