{"id":1430,"date":"2025-05-14T18:54:25","date_gmt":"2025-05-14T18:54:25","guid":{"rendered":"https:\/\/lismoiunavenir.org\/?p=1430"},"modified":"2025-05-14T19:09:31","modified_gmt":"2025-05-14T19:09:31","slug":"solibra-et-la-fondation-lis-moi-un-avenir-ensemble-pour-lemancipation-des-femmes","status":"publish","type":"post","link":"https:\/\/lismoiunavenir.org\/?p=1430","title":{"rendered":"SOLIBRA et la Fondation Lis Moi Un Avenir : Ensemble pour l\u2019\u00e9mancipation des femmes"},"content":{"rendered":"\n<p>Le samedi 8 mars 2025, \u00e0 l\u2019occasion de la Journ\u00e9e Internationale des Droits des Femmes, la Fondation Nady et Imane Rayess &#8211; Lis Moi Un Avenir a c\u00e9l\u00e9br\u00e9 une \u00e9tape majeure de son engagement en faveur de l\u2019\u00e9mancipation f\u00e9minine avec l\u2019inauguration officielle de la salle d\u2019\u00e9veil de l\u2019\u00c9cole de la Deuxi\u00e8me Chance, dont l\u2019am\u00e9nagement a \u00e9t\u00e9 g\u00e9n\u00e9reusement financ\u00e9 par SOLIBRA.<\/p>\n\n\n\n<p>Depuis plus de 70 ans, SOLIBRA s\u2019illustre non seulement comme leader dans l\u2019industrie des boissons en C\u00f4te d\u2019Ivoire, mais aussi comme un acteur engag\u00e9 dans le d\u00e9veloppement socio-\u00e9conomique du pays, notamment \u00e0 travers des actions fortes en mati\u00e8re de responsabilit\u00e9 soci\u00e9tale des entreprises (RSE). <\/p>\n\n\n\n<figure class=\"wp-block-image size-large\"><img fetchpriority=\"high\" decoding=\"async\" width=\"1024\" height=\"576\" src=\"https:\/\/lismoiunavenir.org\/wp-content\/uploads\/2025\/05\/fondation-rayess-lis-moi-un-avenir-action-8-mars-solibra-1-1024x576.jpeg\" alt=\"\" class=\"wp-image-1443\" srcset=\"https:\/\/lismoiunavenir.org\/wp-content\/uploads\/2025\/05\/fondation-rayess-lis-moi-un-avenir-action-8-mars-solibra-1-1024x576.jpeg 1024w, https:\/\/lismoiunavenir.org\/wp-content\/uploads\/2025\/05\/fondation-rayess-lis-moi-un-avenir-action-8-mars-solibra-1-300x169.jpeg 300w, https:\/\/lismoiunavenir.org\/wp-content\/uploads\/2025\/05\/fondation-rayess-lis-moi-un-avenir-action-8-mars-solibra-1-768x432.jpeg 768w, https:\/\/lismoiunavenir.org\/wp-content\/uploads\/2025\/05\/fondation-rayess-lis-moi-un-avenir-action-8-mars-solibra-1.jpeg 1080w\" sizes=\"(max-width: 1024px) 100vw, 1024px\" \/><\/figure>\n\n\n\n<h3 class=\"wp-block-heading\"><strong>Un partenariat pour b\u00e2tir des opportunit\u00e9s<\/strong><\/h3>\n\n\n\n<p>L\u2019am\u00e9nagement de la salle d\u2019\u00e9veil de l\u2019\u00c9cole de la Deuxi\u00e8me Chance, au c\u0153ur de la commune de Koumassi, symbolise un pas important vers l\u2019autonomisation des jeunes femmes et femmes en situation de vuln\u00e9rabilit\u00e9. Cet espace, pens\u00e9 comme un lieu d\u2019apprentissage, de dialogue et de confiance, permettra d\u2019accompagner des b\u00e9n\u00e9ficiaires dans des parcours d\u2019alphab\u00e9tisation, de formation aux m\u00e9tiers de la couture, de la coiffure et de l\u2019informatique.<\/p>\n\n\n\n<p>Au-del\u00e0 d\u2019un simple soutien mat\u00e9riel, cette collaboration vise \u00e0 offrir aux femmes de la communaut\u00e9 un cadre propice \u00e0 leur \u00e9panouissement personnel et professionnel, en ligne avec les valeurs port\u00e9es par SOLIBRA et la Fondation Lis Moi Un Avenir.<\/p>\n\n\n\n<h3 class=\"wp-block-heading\"><strong>Une journ\u00e9e d\u2019\u00e9changes et d\u2019inspiration<\/strong><\/h3>\n\n\n\n<p>La journ\u00e9e portes ouvertes du 8 mars 2025 a rassembl\u00e9 46 femmes et 19 adolescentes et jeunes filles de la commune, futures b\u00e9n\u00e9ficiaires, et 60 femmes de SOLIBRA, mobilis\u00e9es pour partager leurs exp\u00e9riences et inspirer la jeune g\u00e9n\u00e9ration.<\/p>\n\n\n\n<p>L\u2019\u00e9v\u00e9nement a d\u00e9but\u00e9 par une <strong>visite de l\u2019\u00c9cole de la Deuxi\u00e8me Chance<\/strong>, suivie d\u2019un <strong>atelier sur l\u2019\u00e9mancipation et l\u2019autonomisation des femmes<\/strong>, anim\u00e9 par la talentueuse <strong>Eudoxie Adopo<\/strong>. S&rsquo;en est suivi diff\u00e9rents \u00e9changes avec notamment les contributions de <strong>Linda K. Okossi-Assamoi<\/strong>, facilitratrice de l&rsquo;activit\u00e9 chez SOLIBRA qui par sa collaboration pr\u00e9cieuse a rendue possible cette belle synergie. Madame Agui\u00e9, la responsable de l&rsquo;am\u00e9nagement de la salle d&rsquo;\u00e9veil a indiqu\u00e9 les choix faits pour rendre cet espace convivial tout en respectant les engagements \u00e9co-responsable port\u00e9s tant par SOLIBRA que par la Fondation Lis moi un avenir. \u00c0 travers ces diff\u00e9rentes interventions, les b\u00e9n\u00e9ficiaires ont \u00e9t\u00e9 invit\u00e9e \u00e0 r\u00e9fl\u00e9chir sur leur potentiel, leurs r\u00eaves et les moyens de devenir actrices de leur avenir.<\/p>\n\n\n\n<p>Ce moment fort d\u2019\u00e9changes a permis \u00e0 chacune de partager son parcours, ses d\u00e9fis et ses ambitions dans un esprit de sororit\u00e9 et de bienveillance.<\/p>\n\n\n\n<figure class=\"wp-block-gallery has-nested-images columns-default is-cropped wp-block-gallery-1 is-layout-flex wp-block-gallery-is-layout-flex\">\n<figure class=\"wp-block-image size-large\"><img decoding=\"async\" width=\"1024\" height=\"576\" data-id=\"1442\" src=\"https:\/\/lismoiunavenir.org\/wp-content\/uploads\/2025\/05\/fondation-rayess-lis-moi-un-avenir-action-8-mars-solibra-2-1024x576.jpeg\" alt=\"\" class=\"wp-image-1442\" srcset=\"https:\/\/lismoiunavenir.org\/wp-content\/uploads\/2025\/05\/fondation-rayess-lis-moi-un-avenir-action-8-mars-solibra-2-1024x576.jpeg 1024w, https:\/\/lismoiunavenir.org\/wp-content\/uploads\/2025\/05\/fondation-rayess-lis-moi-un-avenir-action-8-mars-solibra-2-300x169.jpeg 300w, https:\/\/lismoiunavenir.org\/wp-content\/uploads\/2025\/05\/fondation-rayess-lis-moi-un-avenir-action-8-mars-solibra-2-768x432.jpeg 768w, https:\/\/lismoiunavenir.org\/wp-content\/uploads\/2025\/05\/fondation-rayess-lis-moi-un-avenir-action-8-mars-solibra-2.jpeg 1080w\" sizes=\"(max-width: 1024px) 100vw, 1024px\" \/><\/figure>\n\n\n\n<figure class=\"wp-block-image size-large\"><img decoding=\"async\" width=\"1024\" height=\"576\" data-id=\"1441\" src=\"https:\/\/lismoiunavenir.org\/wp-content\/uploads\/2025\/05\/fondation-rayess-lis-moi-un-avenir-action-8-mars-solibra-3-1024x576.jpeg\" alt=\"\" class=\"wp-image-1441\" srcset=\"https:\/\/lismoiunavenir.org\/wp-content\/uploads\/2025\/05\/fondation-rayess-lis-moi-un-avenir-action-8-mars-solibra-3-1024x576.jpeg 1024w, https:\/\/lismoiunavenir.org\/wp-content\/uploads\/2025\/05\/fondation-rayess-lis-moi-un-avenir-action-8-mars-solibra-3-300x169.jpeg 300w, https:\/\/lismoiunavenir.org\/wp-content\/uploads\/2025\/05\/fondation-rayess-lis-moi-un-avenir-action-8-mars-solibra-3-768x432.jpeg 768w, https:\/\/lismoiunavenir.org\/wp-content\/uploads\/2025\/05\/fondation-rayess-lis-moi-un-avenir-action-8-mars-solibra-3.jpeg 1080w\" sizes=\"(max-width: 1024px) 100vw, 1024px\" \/><\/figure>\n\n\n\n<figure class=\"wp-block-image size-large\"><img loading=\"lazy\" decoding=\"async\" width=\"1024\" height=\"576\" data-id=\"1440\" src=\"https:\/\/lismoiunavenir.org\/wp-content\/uploads\/2025\/05\/fondation-rayess-lis-moi-un-avenir-action-8-mars-solibra-4-1024x576.jpeg\" alt=\"\" class=\"wp-image-1440\" srcset=\"https:\/\/lismoiunavenir.org\/wp-content\/uploads\/2025\/05\/fondation-rayess-lis-moi-un-avenir-action-8-mars-solibra-4-1024x576.jpeg 1024w, https:\/\/lismoiunavenir.org\/wp-content\/uploads\/2025\/05\/fondation-rayess-lis-moi-un-avenir-action-8-mars-solibra-4-300x169.jpeg 300w, https:\/\/lismoiunavenir.org\/wp-content\/uploads\/2025\/05\/fondation-rayess-lis-moi-un-avenir-action-8-mars-solibra-4-768x432.jpeg 768w, https:\/\/lismoiunavenir.org\/wp-content\/uploads\/2025\/05\/fondation-rayess-lis-moi-un-avenir-action-8-mars-solibra-4.jpeg 1080w\" sizes=\"(max-width: 1024px) 100vw, 1024px\" \/><\/figure>\n\n\n\n<figure class=\"wp-block-image size-large\"><img loading=\"lazy\" decoding=\"async\" width=\"1024\" height=\"576\" data-id=\"1439\" src=\"https:\/\/lismoiunavenir.org\/wp-content\/uploads\/2025\/05\/fondation-rayess-lis-moi-un-avenir-action-8-mars-solibra-5-1024x576.jpeg\" alt=\"\" class=\"wp-image-1439\" srcset=\"https:\/\/lismoiunavenir.org\/wp-content\/uploads\/2025\/05\/fondation-rayess-lis-moi-un-avenir-action-8-mars-solibra-5-1024x576.jpeg 1024w, https:\/\/lismoiunavenir.org\/wp-content\/uploads\/2025\/05\/fondation-rayess-lis-moi-un-avenir-action-8-mars-solibra-5-300x169.jpeg 300w, https:\/\/lismoiunavenir.org\/wp-content\/uploads\/2025\/05\/fondation-rayess-lis-moi-un-avenir-action-8-mars-solibra-5-768x432.jpeg 768w, https:\/\/lismoiunavenir.org\/wp-content\/uploads\/2025\/05\/fondation-rayess-lis-moi-un-avenir-action-8-mars-solibra-5.jpeg 1080w\" sizes=\"(max-width: 1024px) 100vw, 1024px\" \/><\/figure>\n\n\n\n<figure class=\"wp-block-image size-large\"><img loading=\"lazy\" decoding=\"async\" width=\"1024\" height=\"576\" data-id=\"1438\" src=\"https:\/\/lismoiunavenir.org\/wp-content\/uploads\/2025\/05\/fondation-rayess-lis-moi-un-avenir-action-8-mars-solibra-6-1024x576.jpeg\" alt=\"\" class=\"wp-image-1438\" srcset=\"https:\/\/lismoiunavenir.org\/wp-content\/uploads\/2025\/05\/fondation-rayess-lis-moi-un-avenir-action-8-mars-solibra-6-1024x576.jpeg 1024w, https:\/\/lismoiunavenir.org\/wp-content\/uploads\/2025\/05\/fondation-rayess-lis-moi-un-avenir-action-8-mars-solibra-6-300x169.jpeg 300w, https:\/\/lismoiunavenir.org\/wp-content\/uploads\/2025\/05\/fondation-rayess-lis-moi-un-avenir-action-8-mars-solibra-6-768x432.jpeg 768w, https:\/\/lismoiunavenir.org\/wp-content\/uploads\/2025\/05\/fondation-rayess-lis-moi-un-avenir-action-8-mars-solibra-6.jpeg 1080w\" sizes=\"(max-width: 1024px) 100vw, 1024px\" \/><\/figure>\n\n\n\n<figure class=\"wp-block-image size-large\"><img loading=\"lazy\" decoding=\"async\" width=\"1024\" height=\"576\" data-id=\"1436\" src=\"https:\/\/lismoiunavenir.org\/wp-content\/uploads\/2025\/05\/fondation-rayess-lis-moi-un-avenir-action-8-mars-solibra-8-1024x576.jpeg\" alt=\"\" class=\"wp-image-1436\" srcset=\"https:\/\/lismoiunavenir.org\/wp-content\/uploads\/2025\/05\/fondation-rayess-lis-moi-un-avenir-action-8-mars-solibra-8-1024x576.jpeg 1024w, https:\/\/lismoiunavenir.org\/wp-content\/uploads\/2025\/05\/fondation-rayess-lis-moi-un-avenir-action-8-mars-solibra-8-300x169.jpeg 300w, https:\/\/lismoiunavenir.org\/wp-content\/uploads\/2025\/05\/fondation-rayess-lis-moi-un-avenir-action-8-mars-solibra-8-768x432.jpeg 768w, https:\/\/lismoiunavenir.org\/wp-content\/uploads\/2025\/05\/fondation-rayess-lis-moi-un-avenir-action-8-mars-solibra-8.jpeg 1080w\" sizes=\"(max-width: 1024px) 100vw, 1024px\" \/><\/figure>\n\n\n\n<figure class=\"wp-block-image size-large\"><img loading=\"lazy\" decoding=\"async\" width=\"1024\" height=\"576\" data-id=\"1434\" src=\"https:\/\/lismoiunavenir.org\/wp-content\/uploads\/2025\/05\/fondation-rayess-lis-moi-un-avenir-action-8-mars-solibra-10-1024x576.jpeg\" alt=\"\" class=\"wp-image-1434\" srcset=\"https:\/\/lismoiunavenir.org\/wp-content\/uploads\/2025\/05\/fondation-rayess-lis-moi-un-avenir-action-8-mars-solibra-10-1024x576.jpeg 1024w, https:\/\/lismoiunavenir.org\/wp-content\/uploads\/2025\/05\/fondation-rayess-lis-moi-un-avenir-action-8-mars-solibra-10-300x169.jpeg 300w, https:\/\/lismoiunavenir.org\/wp-content\/uploads\/2025\/05\/fondation-rayess-lis-moi-un-avenir-action-8-mars-solibra-10-768x432.jpeg 768w, https:\/\/lismoiunavenir.org\/wp-content\/uploads\/2025\/05\/fondation-rayess-lis-moi-un-avenir-action-8-mars-solibra-10.jpeg 1080w\" sizes=\"(max-width: 1024px) 100vw, 1024px\" \/><\/figure>\n\n\n\n<figure class=\"wp-block-image size-large\"><img loading=\"lazy\" decoding=\"async\" width=\"1024\" height=\"576\" data-id=\"1433\" src=\"https:\/\/lismoiunavenir.org\/wp-content\/uploads\/2025\/05\/fondation-rayess-lis-moi-un-avenir-action-8-mars-solibra-11-1024x576.jpeg\" alt=\"\" class=\"wp-image-1433\" srcset=\"https:\/\/lismoiunavenir.org\/wp-content\/uploads\/2025\/05\/fondation-rayess-lis-moi-un-avenir-action-8-mars-solibra-11-1024x576.jpeg 1024w, https:\/\/lismoiunavenir.org\/wp-content\/uploads\/2025\/05\/fondation-rayess-lis-moi-un-avenir-action-8-mars-solibra-11-300x169.jpeg 300w, https:\/\/lismoiunavenir.org\/wp-content\/uploads\/2025\/05\/fondation-rayess-lis-moi-un-avenir-action-8-mars-solibra-11-768x432.jpeg 768w, https:\/\/lismoiunavenir.org\/wp-content\/uploads\/2025\/05\/fondation-rayess-lis-moi-un-avenir-action-8-mars-solibra-11.jpeg 1080w\" sizes=\"(max-width: 1024px) 100vw, 1024px\" \/><\/figure>\n\n\n\n<figure class=\"wp-block-image size-large\"><img loading=\"lazy\" decoding=\"async\" width=\"1024\" height=\"576\" data-id=\"1432\" src=\"https:\/\/lismoiunavenir.org\/wp-content\/uploads\/2025\/05\/fondation-rayess-lis-moi-un-avenir-action-8-mars-solibra-12-1024x576.jpeg\" alt=\"\" class=\"wp-image-1432\" srcset=\"https:\/\/lismoiunavenir.org\/wp-content\/uploads\/2025\/05\/fondation-rayess-lis-moi-un-avenir-action-8-mars-solibra-12-1024x576.jpeg 1024w, https:\/\/lismoiunavenir.org\/wp-content\/uploads\/2025\/05\/fondation-rayess-lis-moi-un-avenir-action-8-mars-solibra-12-300x169.jpeg 300w, https:\/\/lismoiunavenir.org\/wp-content\/uploads\/2025\/05\/fondation-rayess-lis-moi-un-avenir-action-8-mars-solibra-12-768x432.jpeg 768w, https:\/\/lismoiunavenir.org\/wp-content\/uploads\/2025\/05\/fondation-rayess-lis-moi-un-avenir-action-8-mars-solibra-12.jpeg 1080w\" sizes=\"(max-width: 1024px) 100vw, 1024px\" \/><\/figure>\n\n\n\n<figure class=\"wp-block-image size-large\"><img loading=\"lazy\" decoding=\"async\" width=\"1024\" height=\"576\" data-id=\"1431\" src=\"https:\/\/lismoiunavenir.org\/wp-content\/uploads\/2025\/05\/fondation-rayess-lis-moi-un-avenir-action-8-mars-solibra-13-1024x576.jpeg\" alt=\"\" class=\"wp-image-1431\" srcset=\"https:\/\/lismoiunavenir.org\/wp-content\/uploads\/2025\/05\/fondation-rayess-lis-moi-un-avenir-action-8-mars-solibra-13-1024x576.jpeg 1024w, https:\/\/lismoiunavenir.org\/wp-content\/uploads\/2025\/05\/fondation-rayess-lis-moi-un-avenir-action-8-mars-solibra-13-300x169.jpeg 300w, https:\/\/lismoiunavenir.org\/wp-content\/uploads\/2025\/05\/fondation-rayess-lis-moi-un-avenir-action-8-mars-solibra-13-768x432.jpeg 768w, https:\/\/lismoiunavenir.org\/wp-content\/uploads\/2025\/05\/fondation-rayess-lis-moi-un-avenir-action-8-mars-solibra-13.jpeg 1080w\" sizes=\"(max-width: 1024px) 100vw, 1024px\" \/><\/figure>\n\n\n\n<figure class=\"wp-block-image size-large\"><img loading=\"lazy\" decoding=\"async\" width=\"1024\" height=\"576\" data-id=\"1437\" src=\"https:\/\/lismoiunavenir.org\/wp-content\/uploads\/2025\/05\/fondation-rayess-lis-moi-un-avenir-action-8-mars-solibra-7-1024x576.jpeg\" alt=\"\" class=\"wp-image-1437\" srcset=\"https:\/\/lismoiunavenir.org\/wp-content\/uploads\/2025\/05\/fondation-rayess-lis-moi-un-avenir-action-8-mars-solibra-7-1024x576.jpeg 1024w, https:\/\/lismoiunavenir.org\/wp-content\/uploads\/2025\/05\/fondation-rayess-lis-moi-un-avenir-action-8-mars-solibra-7-300x169.jpeg 300w, https:\/\/lismoiunavenir.org\/wp-content\/uploads\/2025\/05\/fondation-rayess-lis-moi-un-avenir-action-8-mars-solibra-7-768x432.jpeg 768w, https:\/\/lismoiunavenir.org\/wp-content\/uploads\/2025\/05\/fondation-rayess-lis-moi-un-avenir-action-8-mars-solibra-7.jpeg 1080w\" sizes=\"(max-width: 1024px) 100vw, 1024px\" \/><\/figure>\n\n\n\n<figure class=\"wp-block-image size-large\"><img loading=\"lazy\" decoding=\"async\" width=\"1024\" height=\"576\" data-id=\"1435\" src=\"https:\/\/lismoiunavenir.org\/wp-content\/uploads\/2025\/05\/fondation-rayess-lis-moi-un-avenir-action-8-mars-solibra-9-1024x576.jpeg\" alt=\"\" class=\"wp-image-1435\" srcset=\"https:\/\/lismoiunavenir.org\/wp-content\/uploads\/2025\/05\/fondation-rayess-lis-moi-un-avenir-action-8-mars-solibra-9-1024x576.jpeg 1024w, https:\/\/lismoiunavenir.org\/wp-content\/uploads\/2025\/05\/fondation-rayess-lis-moi-un-avenir-action-8-mars-solibra-9-300x169.jpeg 300w, https:\/\/lismoiunavenir.org\/wp-content\/uploads\/2025\/05\/fondation-rayess-lis-moi-un-avenir-action-8-mars-solibra-9-768x432.jpeg 768w, https:\/\/lismoiunavenir.org\/wp-content\/uploads\/2025\/05\/fondation-rayess-lis-moi-un-avenir-action-8-mars-solibra-9.jpeg 1080w\" sizes=\"(max-width: 1024px) 100vw, 1024px\" \/><\/figure>\n<\/figure>\n\n\n\n<h3 class=\"wp-block-heading\"><strong>Un engagement commun pour un avenir inclusif<\/strong><\/h3>\n\n\n\n<p>Depuis sa cr\u00e9ation en 2014, la Fondation Lis Moi Un Avenir \u0153uvre pour une \u00e9mancipation durable des jeunes filles et femmes en C\u00f4te d\u2019Ivoire. Gr\u00e2ce \u00e0 des programmes d\u2019\u00e9ducation, de formation et d\u2019accompagnement, la Fondation agit concr\u00e8tement pour l\u2019\u00e9galit\u00e9 des chances.<\/p>\n\n\n\n<p>Avec le soutien de partenaires engag\u00e9s comme SOLIBRA, la Fondation renforce son action et continue d\u2019\u00e9largir son impact. Ensemble, elles partagent une vision commune : permettre \u00e0 chaque femme d\u2019\u00eatre actrice de son avenir et de devenir un moteur de changement pour sa communaut\u00e9.<\/p>\n\n\n\n<p>Si vous aussi souhaitez \u00eatre partenaire de la Fondation Rayess &#8211; Lis moi un avenir, contactez-nous : Contact@lismoiunavenir.org<\/p>\n","protected":false},"excerpt":{"rendered":"<p>Le samedi 8 mars 2025, \u00e0 l\u2019occasion de la Journ\u00e9e Internationale des Droits des Femmes, la Fondation Nady et Imane Rayess &#8211; Lis Moi Un Avenir a c\u00e9l\u00e9br\u00e9 une \u00e9tape majeure de son engagement en faveur de l\u2019\u00e9mancipation f\u00e9minine avec l\u2019inauguration officielle de la salle d\u2019\u00e9veil de l\u2019\u00c9cole de la Deuxi\u00e8me Chance, dont l\u2019am\u00e9nagement a [&hellip;]<\/p>\n","protected":false},"author":1,"featured_media":1443,"comment_status":"closed","ping_status":"closed","sticky":false,"template":"","format":"standard","meta":{"footnotes":""},"categories":[12,14,13,17,16],"tags":[],"class_list":["post-1430","post","type-post","status-publish","format-standard","has-post-thumbnail","hentry","category-a-la-une","category-alphabetisation","category-education","category-partenariats","category-sensibilisation"],"_links":{"self":[{"href":"https:\/\/lismoiunavenir.org\/index.php?rest_route=\/wp\/v2\/posts\/1430","targetHints":{"allow":["GET"]}}],"collection":[{"href":"https:\/\/lismoiunavenir.org\/index.php?rest_route=\/wp\/v2\/posts"}],"about":[{"href":"https:\/\/lismoiunavenir.org\/index.php?rest_route=\/wp\/v2\/types\/post"}],"author":[{"embeddable":true,"href":"https:\/\/lismoiunavenir.org\/index.php?rest_route=\/wp\/v2\/users\/1"}],"replies":[{"embeddable":true,"href":"https:\/\/lismoiunavenir.org\/index.php?rest_route=%2Fwp%2Fv2%2Fcomments&post=1430"}],"version-history":[{"count":3,"href":"https:\/\/lismoiunavenir.org\/index.php?rest_route=\/wp\/v2\/posts\/1430\/revisions"}],"predecessor-version":[{"id":1446,"href":"https:\/\/lismoiunavenir.org\/index.php?rest_route=\/wp\/v2\/posts\/1430\/revisions\/1446"}],"wp:featuredmedia":[{"embeddable":true,"href":"https:\/\/lismoiunavenir.org\/index.php?rest_route=\/wp\/v2\/media\/1443"}],"wp:attachment":[{"href":"https:\/\/lismoiunavenir.org\/index.php?rest_route=%2Fwp%2Fv2%2Fmedia&parent=1430"}],"wp:term":[{"taxonomy":"category","embeddable":true,"href":"https:\/\/lismoiunavenir.org\/index.php?rest_route=%2Fwp%2Fv2%2Fcategories&post=1430"},{"taxonomy":"post_tag","embeddable":true,"href":"https:\/\/lismoiunavenir.org\/index.php?rest_route=%2Fwp%2Fv2%2Ftags&post=1430"}],"curies":[{"name":"wp","href":"https:\/\/api.w.org\/{rel}","templated":true}]}}