{"id":1123,"date":"2023-11-05T19:51:28","date_gmt":"2023-11-05T19:51:28","guid":{"rendered":"https:\/\/staging.lismoiunavenir.org\/?p=1123"},"modified":"2023-11-05T20:32:29","modified_gmt":"2023-11-05T20:32:29","slug":"mission-de-benevolat-en-infographie","status":"publish","type":"post","link":"https:\/\/lismoiunavenir.org\/?p=1123","title":{"rendered":"Mission de b\u00e9n\u00e9volat en infographie"},"content":{"rendered":"\n<p>La Fondation Rayess bas\u00e9e \u00e0 Koumassi recherche un.e infographe pour une mission b\u00e9n\u00e9vole.<\/p>\n\n\n\n<figure class=\"wp-block-image aligncenter size-large\"><img fetchpriority=\"high\" decoding=\"async\" width=\"1024\" height=\"683\" src=\"https:\/\/staging.lismoiunavenir.org\/wp-content\/uploads\/2023\/11\/pexels-car-girl-4482016-1024x683.jpg\" alt=\"\" class=\"wp-image-1124\" srcset=\"https:\/\/lismoiunavenir.org\/wp-content\/uploads\/2023\/11\/pexels-car-girl-4482016-1024x683.jpg 1024w, https:\/\/lismoiunavenir.org\/wp-content\/uploads\/2023\/11\/pexels-car-girl-4482016-300x200.jpg 300w, https:\/\/lismoiunavenir.org\/wp-content\/uploads\/2023\/11\/pexels-car-girl-4482016-768x512.jpg 768w, https:\/\/lismoiunavenir.org\/wp-content\/uploads\/2023\/11\/pexels-car-girl-4482016-1536x1024.jpg 1536w, https:\/\/lismoiunavenir.org\/wp-content\/uploads\/2023\/11\/pexels-car-girl-4482016-2048x1365.jpg 2048w\" sizes=\"(max-width: 1024px) 100vw, 1024px\" \/><\/figure>\n\n\n\n<p><\/p>\n\n\n\n<h2 class=\"wp-block-heading\">MISSIONS &amp; ACTIVIT\u00c9S<\/h2>\n\n\n\n<p>Sous la responsabilit\u00e9 de la Direction Ex\u00e9cutive, le\/la b\u00e9n\u00e9vole en infographie aura pour mission de&nbsp;<strong>r\u00e9aliser une s\u00e9rie d&rsquo;\u00e9l\u00e9ments de signal\u00e9tiques et des infographies p\u00e9dagogiques  <\/strong>&nbsp;en vue de faciliter respectivement l&rsquo;orientation au sein de l\u2019Ecole de la Deuxi\u00e8me Chance et la lisibilit\u00e9 de certains outils p\u00e9dagogiques. <\/p>\n\n\n\n<h3 class=\"wp-block-heading\">ACTIVITES PRINCIPALES<\/h3>\n\n\n\n<ul class=\"wp-block-list\">\n<li>R\u00e9aliser une s\u00e9rie d&rsquo;\u00e9l\u00e9ments de signal\u00e9tiques pour faciliter la circulation sur le site de l&rsquo;Ecole de la Deuxi\u00e8me Chance;<\/li>\n\n\n\n<li>R\u00e9aliser des infographies dans un but p\u00e9dagogique afin de les int\u00e9grer \u00e0 la s\u00e9rie d&rsquo;outils p\u00e9dagogiques du programme p\u00e9dagogique de la Fondation Rayess.<\/li>\n<\/ul>\n\n\n\n<h3 class=\"wp-block-heading\">COMP\u00c9TENCES<\/h3>\n\n\n\n<ul class=\"wp-block-list\">\n<li>Sens cr\u00e9atif et artistique;<\/li>\n\n\n\n<li>Curieux, cr\u00e9atif;<\/li>\n\n\n\n<li>Autonome;<\/li>\n\n\n\n<li>Ma\u00eetrise des logiciels (Adobe Illustrator, Photoshop, etc.);<\/li>\n\n\n\n<li>Aptitudes \u00e0 travailler en \u00e9quipe;<\/li>\n\n\n\n<li>Savoir anticiper.<\/li>\n<\/ul>\n\n\n\n<h3 class=\"wp-block-heading\">LIEU DE MISSION<\/h3>\n\n\n\n<p>Si\u00e8ge de la Fondation Rayess bas\u00e9 \u00e0 Koumassi.<\/p>\n\n\n\n<h3 class=\"wp-block-heading\">TEMPS DE R\u00c9ALISATION<\/h3>\n\n\n\n<p>1 mois sans n\u00e9cessit\u00e9 d&rsquo;\u00eatre sur place. <\/p>\n\n\n\n<h3 class=\"wp-block-heading\">CONTACT<\/h3>\n\n\n\n<p>Si vous \u00eates int\u00e9ress\u00e9(e) par cette mission, merci de nous adresser votre candidature \u00e0 l\u2019adresse suivante : contact@lismoiunavenir.org<\/p>\n","protected":false},"excerpt":{"rendered":"<p>La Fondation Rayess bas\u00e9e \u00e0 Koumassi recherche un.e infographe pour une mission b\u00e9n\u00e9vole. MISSIONS &amp; ACTIVIT\u00c9S Sous la responsabilit\u00e9 de la Direction Ex\u00e9cutive, le\/la b\u00e9n\u00e9vole en infographie aura pour mission de&nbsp;r\u00e9aliser une s\u00e9rie d&rsquo;\u00e9l\u00e9ments de signal\u00e9tiques et des infographies p\u00e9dagogiques &nbsp;en vue de faciliter respectivement l&rsquo;orientation au sein de l\u2019Ecole de la Deuxi\u00e8me Chance et [&hellip;]<\/p>\n","protected":false},"author":1,"featured_media":1124,"comment_status":"closed","ping_status":"closed","sticky":false,"template":"","format":"standard","meta":{"footnotes":""},"categories":[10,11],"tags":[],"class_list":["post-1123","post","type-post","status-publish","format-standard","has-post-thumbnail","hentry","category-annonces","category-benevolat"],"_links":{"self":[{"href":"https:\/\/lismoiunavenir.org\/index.php?rest_route=\/wp\/v2\/posts\/1123","targetHints":{"allow":["GET"]}}],"collection":[{"href":"https:\/\/lismoiunavenir.org\/index.php?rest_route=\/wp\/v2\/posts"}],"about":[{"href":"https:\/\/lismoiunavenir.org\/index.php?rest_route=\/wp\/v2\/types\/post"}],"author":[{"embeddable":true,"href":"https:\/\/lismoiunavenir.org\/index.php?rest_route=\/wp\/v2\/users\/1"}],"replies":[{"embeddable":true,"href":"https:\/\/lismoiunavenir.org\/index.php?rest_route=%2Fwp%2Fv2%2Fcomments&post=1123"}],"version-history":[{"count":2,"href":"https:\/\/lismoiunavenir.org\/index.php?rest_route=\/wp\/v2\/posts\/1123\/revisions"}],"predecessor-version":[{"id":1164,"href":"https:\/\/lismoiunavenir.org\/index.php?rest_route=\/wp\/v2\/posts\/1123\/revisions\/1164"}],"wp:featuredmedia":[{"embeddable":true,"href":"https:\/\/lismoiunavenir.org\/index.php?rest_route=\/wp\/v2\/media\/1124"}],"wp:attachment":[{"href":"https:\/\/lismoiunavenir.org\/index.php?rest_route=%2Fwp%2Fv2%2Fmedia&parent=1123"}],"wp:term":[{"taxonomy":"category","embeddable":true,"href":"https:\/\/lismoiunavenir.org\/index.php?rest_route=%2Fwp%2Fv2%2Fcategories&post=1123"},{"taxonomy":"post_tag","embeddable":true,"href":"https:\/\/lismoiunavenir.org\/index.php?rest_route=%2Fwp%2Fv2%2Ftags&post=1123"}],"curies":[{"name":"wp","href":"https:\/\/api.w.org\/{rel}","templated":true}]}}