{"id":1116,"date":"2023-11-05T19:38:25","date_gmt":"2023-11-05T19:38:25","guid":{"rendered":"https:\/\/staging.lismoiunavenir.org\/?p=1116"},"modified":"2023-11-05T20:32:41","modified_gmt":"2023-11-05T20:32:41","slug":"mission-de-benevolat-en-gestion-logistique","status":"publish","type":"post","link":"https:\/\/lismoiunavenir.org\/?p=1116","title":{"rendered":"Mission de b\u00e9n\u00e9volat en gestion logistique"},"content":{"rendered":"\n<p>La Fondation Rayess bas\u00e9e \u00e0 Koumassi recherche un gestionnaire de logistique pour une mission b\u00e9n\u00e9vole.<\/p>\n\n\n\n<figure class=\"wp-block-image aligncenter size-large\"><img fetchpriority=\"high\" decoding=\"async\" width=\"1024\" height=\"683\" src=\"https:\/\/staging.lismoiunavenir.org\/wp-content\/uploads\/2023\/11\/pexels-lagos-food-bank-initiative-8060428-1-1024x683.jpg\" alt=\"\" class=\"wp-image-1121\" srcset=\"https:\/\/lismoiunavenir.org\/wp-content\/uploads\/2023\/11\/pexels-lagos-food-bank-initiative-8060428-1-1024x683.jpg 1024w, https:\/\/lismoiunavenir.org\/wp-content\/uploads\/2023\/11\/pexels-lagos-food-bank-initiative-8060428-1-300x200.jpg 300w, https:\/\/lismoiunavenir.org\/wp-content\/uploads\/2023\/11\/pexels-lagos-food-bank-initiative-8060428-1-768x512.jpg 768w, https:\/\/lismoiunavenir.org\/wp-content\/uploads\/2023\/11\/pexels-lagos-food-bank-initiative-8060428-1-1536x1024.jpg 1536w, https:\/\/lismoiunavenir.org\/wp-content\/uploads\/2023\/11\/pexels-lagos-food-bank-initiative-8060428-1-2048x1365.jpg 2048w\" sizes=\"(max-width: 1024px) 100vw, 1024px\" \/><\/figure>\n\n\n\n<h2 class=\"wp-block-heading\">MISSIONS &amp; ACTIVIT\u00c9S<\/h2>\n\n\n\n<p>Sous la responsabilit\u00e9 de la Direction Ex\u00e9cutive, le\/la b\u00e9n\u00e9vole en gestion logistique aura pour mission de <strong>coordonner, organiser et optimiser les flux de marchandises et d&rsquo;approvisionnement et la gestion des stocks<\/strong> en vue de faciliter l&rsquo;am\u00e9nagement de l&rsquo;Ecole de la Deuxi\u00e8me Chance. <\/p>\n\n\n\n<h3 class=\"wp-block-heading\">ACTIVITES PRINCIPALES<\/h3>\n\n\n\n<ul class=\"wp-block-list\">\n<li>Faire l&rsquo;inventaire des flux de marchandises et de stocks;<\/li>\n\n\n\n<li>Assurer la gestion informatique des flux entrants et sortants de l\u2019entrep\u00f4t (commande des produits en fonction de son allocation \u00e0 une salle de formation ou scolarisation \/ une activit\u00e9, gestion des dons);<\/li>\n\n\n\n<li>V\u00e9rifier les besoins et les commandes de la Fondation Rayess et g\u00e9n\u00e9rer les commandes;<\/li>\n\n\n\n<li>Echanger fr\u00e9quemment avec les responsables projets en vue d&rsquo;avoir une gestion optimale de l&rsquo;activit\u00e9 (d\u00e9finition des besoins, prises en compte de leurs commandes, optimisation de la gestion des stocks et des dons\u2026),<\/li>\n\n\n\n<li>Mettre en place la proc\u00e9dure d\u2019inventaire annuel de fin d\u2019exercice.<\/li>\n<\/ul>\n\n\n\n<h3 class=\"wp-block-heading\">COMP\u00c9TENCES<\/h3>\n\n\n\n<ul class=\"wp-block-list\">\n<li>Bonne capacit\u00e9 de travail en r\u00e9seau;<\/li>\n\n\n\n<li>Connaissances des flux logistiques (ambiant, frais, surgel\u00e9s) et du transport (mat\u00e9riel et notamment alimentaire);<\/li>\n\n\n\n<li>Capacit\u00e9 \u00e0 utiliser des outils informatiques (Excel, Outlook, logiciel de gestion de stock)<\/li>\n\n\n\n<li>Capacit\u00e9 d\u2019organisation, d\u2019analyse et d\u2019anticipation;<\/li>\n\n\n\n<li>Sens de l\u2019\u00e9coute et du dialogue;<\/li>\n\n\n\n<li>Bonne aptitude \u00e0 d\u00e9velopper son action dans un environnement de relations transverses;<\/li>\n\n\n\n<li>M\u00e9thode, rigueur, organisation.<\/li>\n<\/ul>\n\n\n\n<h3 class=\"wp-block-heading\">LIEU DE MISSION <\/h3>\n\n\n\n<p>Si\u00e8ge de la Fondation Rayess bas\u00e9 \u00e0 Koumassi. <\/p>\n\n\n\n<h3 class=\"wp-block-heading\">TEMPS DE PR\u00c9SENCE DEMAND\u00c9<\/h3>\n\n\n\n<p>Quatre (4) journ\u00e9es.<\/p>\n\n\n\n<h3 class=\"wp-block-heading\">CONTACT<\/h3>\n\n\n\n<p>Si vous \u00eates int\u00e9ress\u00e9(e) par cette mission, merci de nous adresser votre candidature \u00e0 l\u2019adresse suivante : contact@lismoiunavenir.org<\/p>\n","protected":false},"excerpt":{"rendered":"<p>La Fondation Rayess bas\u00e9e \u00e0 Koumassi recherche un gestionnaire de logistique pour une mission b\u00e9n\u00e9vole. MISSIONS &amp; ACTIVIT\u00c9S Sous la responsabilit\u00e9 de la Direction Ex\u00e9cutive, le\/la b\u00e9n\u00e9vole en gestion logistique aura pour mission de coordonner, organiser et optimiser les flux de marchandises et d&rsquo;approvisionnement et la gestion des stocks en vue de faciliter l&rsquo;am\u00e9nagement de [&hellip;]<\/p>\n","protected":false},"author":1,"featured_media":1120,"comment_status":"closed","ping_status":"closed","sticky":false,"template":"","format":"standard","meta":{"footnotes":""},"categories":[10,11],"tags":[],"class_list":["post-1116","post","type-post","status-publish","format-standard","has-post-thumbnail","hentry","category-annonces","category-benevolat"],"_links":{"self":[{"href":"https:\/\/lismoiunavenir.org\/index.php?rest_route=\/wp\/v2\/posts\/1116","targetHints":{"allow":["GET"]}}],"collection":[{"href":"https:\/\/lismoiunavenir.org\/index.php?rest_route=\/wp\/v2\/posts"}],"about":[{"href":"https:\/\/lismoiunavenir.org\/index.php?rest_route=\/wp\/v2\/types\/post"}],"author":[{"embeddable":true,"href":"https:\/\/lismoiunavenir.org\/index.php?rest_route=\/wp\/v2\/users\/1"}],"replies":[{"embeddable":true,"href":"https:\/\/lismoiunavenir.org\/index.php?rest_route=%2Fwp%2Fv2%2Fcomments&post=1116"}],"version-history":[{"count":1,"href":"https:\/\/lismoiunavenir.org\/index.php?rest_route=\/wp\/v2\/posts\/1116\/revisions"}],"predecessor-version":[{"id":1122,"href":"https:\/\/lismoiunavenir.org\/index.php?rest_route=\/wp\/v2\/posts\/1116\/revisions\/1122"}],"wp:featuredmedia":[{"embeddable":true,"href":"https:\/\/lismoiunavenir.org\/index.php?rest_route=\/wp\/v2\/media\/1120"}],"wp:attachment":[{"href":"https:\/\/lismoiunavenir.org\/index.php?rest_route=%2Fwp%2Fv2%2Fmedia&parent=1116"}],"wp:term":[{"taxonomy":"category","embeddable":true,"href":"https:\/\/lismoiunavenir.org\/index.php?rest_route=%2Fwp%2Fv2%2Fcategories&post=1116"},{"taxonomy":"post_tag","embeddable":true,"href":"https:\/\/lismoiunavenir.org\/index.php?rest_route=%2Fwp%2Fv2%2Ftags&post=1116"}],"curies":[{"name":"wp","href":"https:\/\/api.w.org\/{rel}","templated":true}]}}